{"id":7158,"date":"2007-02-20T10:05:36","date_gmt":"2007-02-20T09:05:36","guid":{"rendered":"https:\/\/destinationcyber.com\/?p=7158"},"modified":"2007-02-20T10:05:36","modified_gmt":"2007-02-20T09:05:36","slug":"un-tsunami-nomme-francois-bayrou","status":"publish","type":"post","link":"https:\/\/destinationcyber.com\/?p=7158","title":{"rendered":"Un Tsunami nomm\u00e9 Fran\u00e7ois Bayrou"},"content":{"rendered":"<p>Le Tsunami Bayrou est en train de prendre de l&rsquo;ampleur.<\/p>\n<p>La Une et quatre pages int\u00e9rieures, pas moins : c&rsquo;est ce que consacre le vendredi 16 f\u00e9vrier le journal Le Parisien Aujourd&rsquo;hui en France \u00e0 Fran\u00e7ois Bayrou. En \u00e9voquant tous les sujets le concernant : son enfance, son b\u00e9gaiement combattu avec succ\u00e8s, son amour des chevaux, ses soutiens (notamment de l&rsquo;animateur Patrick S\u00e9bastien, interview\u00e9 dans le journal), sa foi catholique&#8230;<\/p>\n<p>Cette d\u00e9ferlante intervient en pleine affaire Alain Duhamel. Le c\u00e9l\u00e8bre chroniqueur radio et t\u00e9l\u00e9vision se voit priv\u00e9 d&rsquo;intervention sur les ondes \u00ab mais il pourrait continuer \u00e0 y t\u00e9moigner \u00bb en raison de sa sympathie affich\u00e9e pour Fran\u00e7ois Bayrou, exprim\u00e9e fin 2006 lors d&rsquo;un d\u00e9bat \u00e0 Sciences-Po. Une r\u00e9action qu&rsquo;il d\u00e9plore d&rsquo;ailleurs.<\/p>\n<p>Fran\u00e7ois Bayrou est pr\u00e9sent\u00e9 comme la r\u00e9ponse au risque de bi-polarisation exacerb\u00e9e de la campagne entre Nicolas Sarkozy et S\u00e9gol\u00e8ne Royal. <\/p>\n<p>M\u00eame si le doute subsiste toujours sur le niveau que pourrait \u00e9galement atteindre Jean-Marie Le Pen au premier tour de l&rsquo;\u00e9lection, le 22 avril prochain.<\/p>\n<p>Interrog\u00e9 par latribune.fr lors du r\u00e9cent Salon des Entrepreneurs o\u00f9 il avait pr\u00e9sent\u00e9 ses mesures en faveur des PME et de la cr\u00e9ation d&#8217;emplois, il n&rsquo;avait pas cach\u00e9 sa joie de voir sa campagne d\u00e9coller. Tout en soulignant qu&rsquo;il gardait la t\u00eate froide en se souvenant des ann\u00e9es \u00e0 pr\u00eacher dans le d\u00e9sert.<\/p>\n<p>Fanch<\/p>\n","protected":false},"excerpt":{"rendered":"<p>Le Tsunami Bayrou est en train de prendre de l&rsquo;ampleur. La Une et quatre pages int\u00e9rieures, pas moins : c&rsquo;est ce que consacre le vendredi 16 f\u00e9vrier le journal Le Parisien Aujourd&rsquo;hui en France \u00e0 Fran\u00e7ois Bayrou. En \u00e9voquant tous les sujets le concernant : son enfance, son b\u00e9gaiement combattu avec succ\u00e8s, son amour des [&hellip;]<\/p>\n","protected":false},"author":1,"featured_media":0,"comment_status":"closed","ping_status":"open","sticky":false,"template":"","format":"standard","meta":{"_citadela_custom_class":"","footnotes":""},"categories":[16],"tags":[],"class_list":["post-7158","post","type-post","status-publish","format-standard","hentry","category-bricabrac"],"_links":{"self":[{"href":"https:\/\/destinationcyber.com\/index.php?rest_route=\/wp\/v2\/posts\/7158","targetHints":{"allow":["GET"]}}],"collection":[{"href":"https:\/\/destinationcyber.com\/index.php?rest_route=\/wp\/v2\/posts"}],"about":[{"href":"https:\/\/destinationcyber.com\/index.php?rest_route=\/wp\/v2\/types\/post"}],"author":[{"embeddable":true,"href":"https:\/\/destinationcyber.com\/index.php?rest_route=\/wp\/v2\/users\/1"}],"replies":[{"embeddable":true,"href":"https:\/\/destinationcyber.com\/index.php?rest_route=%2Fwp%2Fv2%2Fcomments&post=7158"}],"version-history":[{"count":0,"href":"https:\/\/destinationcyber.com\/index.php?rest_route=\/wp\/v2\/posts\/7158\/revisions"}],"wp:attachment":[{"href":"https:\/\/destinationcyber.com\/index.php?rest_route=%2Fwp%2Fv2%2Fmedia&parent=7158"}],"wp:term":[{"taxonomy":"category","embeddable":true,"href":"https:\/\/destinationcyber.com\/index.php?rest_route=%2Fwp%2Fv2%2Fcategories&post=7158"},{"taxonomy":"post_tag","embeddable":true,"href":"https:\/\/destinationcyber.com\/index.php?rest_route=%2Fwp%2Fv2%2Ftags&post=7158"}],"curies":[{"name":"wp","href":"https:\/\/api.w.org\/{rel}","templated":true}]}}