{"id":7147,"date":"2007-02-16T10:55:58","date_gmt":"2007-02-16T09:55:58","guid":{"rendered":"https:\/\/destinationcyber.com\/?p=7147"},"modified":"2007-02-16T10:55:58","modified_gmt":"2007-02-16T09:55:58","slug":"francois-bayrou-a-chiffre-jeudi-soir-son-programme-presidentiel-a-20-milliards-a-peu-pres","status":"publish","type":"post","link":"https:\/\/destinationcyber.com\/?p=7147","title":{"rendered":"Fran\u00e7ois Bayrou a chiffr\u00e9 jeudi soir son programme pr\u00e9sidentiel \u00e0 \u00ab\u00a020 milliards \u00e0 peu pr\u00e8s\u00a0\u00bb"},"content":{"rendered":"<p>Fran\u00e7ois Bayrou a chiffr\u00e9 jeudi soir son programme pr\u00e9sidentiel \u00e0 \u00ab\u00a020 milliards \u00e0 peu pr\u00e8s\u00a0\u00bb, un co\u00fbt \u00ab\u00a0enti\u00e8rement \u00e9quilibr\u00e9 par des \u00e9conomies\u00a0\u00bb.<\/p>\n<p>C&rsquo;est \u00ab\u00a020 milliards \u00e0 peu pr\u00e8s, enti\u00e8rement \u00e9quilibr\u00e9s par des \u00e9conomies\u00a0\u00bb, a d\u00e9clar\u00e9 M. Bayrou sur France 2, lors de l&rsquo;\u00e9mission \u00ab\u00a0A vous de juger\u00a0\u00bb.<\/p>\n<p>Le candidat UDF \u00e0 la pr\u00e9sidentielle a pr\u00e9cis\u00e9 que le d\u00e9put\u00e9 de la Marne Charles de Courson, sp\u00e9cialiste des questions \u00e9conomiques \u00e0 l&rsquo;UDF, pr\u00e9senterait \u00e0 la presse \u00ab\u00a0dans les premiers jours de mars, l&rsquo;int\u00e9gralit\u00e9 du financement et du co\u00fbt de ce programme\u00a0\u00bb.<\/p>\n<p>M. Bayrou doit exposer son programme dans un livre \u00e0 para\u00eetre fin f\u00e9vrier ou d\u00e9but mars chez Plon.<\/p>\n<p>Il a pr\u00e9cis\u00e9 que sa proposition de permettre \u00e0 toutes les entreprises de cr\u00e9er deux emplois sans charges (sauf 10% pour les retraites) co\u00fbterait \u00ab\u00a06 milliards d&rsquo;euros\u00a0\u00bb.<\/p>\n<p>Il a par ailleurs estim\u00e9 qu&rsquo;il fallait demander \u00e0 Total de r\u00e9investir ses profits dans la recherche, notamment pour l&rsquo;apr\u00e8s-p\u00e9trole, estimant que cette entreprise ne m\u00e9rite pas le \u00ab\u00a0matraquage\u00a0\u00bb.<\/p>\n<p>Interrog\u00e9 sur l&rsquo;opportunit\u00e9 d&rsquo;une taxe exceptionnelle des superprofits du p\u00e9trolier, le pr\u00e9sident de l&rsquo;UDF a observ\u00e9 que \u00ab\u00a0les salari\u00e9s de Total se consid\u00e8rent comme convenablement trait\u00e9s\u00a0\u00bb.<\/p>\n<p>\u00ab\u00a0On n&rsquo;a pas tant, en France, d&rsquo;entreprises qui r\u00e9ussissent \u00e0 aller gagner de l&rsquo;argent \u00e0 l&rsquo;\u00e9tranger pour le ramener chez nous, pour mettre leurs centres de d\u00e9cision et leurs centres de recherche et beaucoup de leurs emplois de cadres chez nous&#8230;<\/p>\n<p>Il me semble que cela ne vaut pas matraquage\u00a0\u00bb, a observ\u00e9 le d\u00e9put\u00e9 des Pyr\u00e9n\u00e9es-Atlantiques.<\/p>\n<p>Fran\u00e7ois Bayrou s&rsquo;est d\u00e9clar\u00e9 jeudi favorable \u00e0 une \u00ab\u00a0suppression des cautions\u00a0\u00bb pour les locations de logements, et a plaid\u00e9 pour leur remplacement par \u00ab\u00a0des assurances mutuelles\u00a0\u00bb.<\/p>\n<p>Les cautions sont le \u00ab\u00a0cauchemar des familles, surtout celles qui n&rsquo;ont pas beaucoup de moyens\u00a0\u00bb, a d\u00e9clar\u00e9 sur France 2 le candidat UDF \u00e0 la pr\u00e9sidentielle.<\/p>\n<p>\u00ab\u00a0Il va falloir faire un gros effort, un plan logement de grande ampleur, sur plusieurs ann\u00e9es, \u00e0 la fois pour construire et favoriser la cr\u00e9ation d&rsquo;entreprises\u00a0\u00bb, a-t-il conclu.<\/p>\n<p>Le Premier ministre que choisirait Fran\u00e7ois Bayrou s&rsquo;il \u00e9tait \u00e9lu pr\u00e9sident de la R\u00e9publique ne serait pas forc\u00e9ment un centriste, a d\u00e9clar\u00e9 jeudi soir le candidat UDF \u00e0 la pr\u00e9sidentielle.<\/p>\n<p>Fanch<\/p>\n","protected":false},"excerpt":{"rendered":"<p>Fran\u00e7ois Bayrou a chiffr\u00e9 jeudi soir son programme pr\u00e9sidentiel \u00e0 \u00ab\u00a020 milliards \u00e0 peu pr\u00e8s\u00a0\u00bb, un co\u00fbt \u00ab\u00a0enti\u00e8rement \u00e9quilibr\u00e9 par des \u00e9conomies\u00a0\u00bb. C&rsquo;est \u00ab\u00a020 milliards \u00e0 peu pr\u00e8s, enti\u00e8rement \u00e9quilibr\u00e9s par des \u00e9conomies\u00a0\u00bb, a d\u00e9clar\u00e9 M. Bayrou sur France 2, lors de l&rsquo;\u00e9mission \u00ab\u00a0A vous de juger\u00a0\u00bb. Le candidat UDF \u00e0 la pr\u00e9sidentielle a pr\u00e9cis\u00e9 [&hellip;]<\/p>\n","protected":false},"author":1,"featured_media":0,"comment_status":"closed","ping_status":"open","sticky":false,"template":"","format":"standard","meta":{"_citadela_custom_class":"","footnotes":""},"categories":[16],"tags":[],"class_list":["post-7147","post","type-post","status-publish","format-standard","hentry","category-bricabrac"],"_links":{"self":[{"href":"https:\/\/destinationcyber.com\/index.php?rest_route=\/wp\/v2\/posts\/7147","targetHints":{"allow":["GET"]}}],"collection":[{"href":"https:\/\/destinationcyber.com\/index.php?rest_route=\/wp\/v2\/posts"}],"about":[{"href":"https:\/\/destinationcyber.com\/index.php?rest_route=\/wp\/v2\/types\/post"}],"author":[{"embeddable":true,"href":"https:\/\/destinationcyber.com\/index.php?rest_route=\/wp\/v2\/users\/1"}],"replies":[{"embeddable":true,"href":"https:\/\/destinationcyber.com\/index.php?rest_route=%2Fwp%2Fv2%2Fcomments&post=7147"}],"version-history":[{"count":0,"href":"https:\/\/destinationcyber.com\/index.php?rest_route=\/wp\/v2\/posts\/7147\/revisions"}],"wp:attachment":[{"href":"https:\/\/destinationcyber.com\/index.php?rest_route=%2Fwp%2Fv2%2Fmedia&parent=7147"}],"wp:term":[{"taxonomy":"category","embeddable":true,"href":"https:\/\/destinationcyber.com\/index.php?rest_route=%2Fwp%2Fv2%2Fcategories&post=7147"},{"taxonomy":"post_tag","embeddable":true,"href":"https:\/\/destinationcyber.com\/index.php?rest_route=%2Fwp%2Fv2%2Ftags&post=7147"}],"curies":[{"name":"wp","href":"https:\/\/api.w.org\/{rel}","templated":true}]}}