{"id":7143,"date":"2007-02-16T10:05:07","date_gmt":"2007-02-16T09:05:07","guid":{"rendered":"https:\/\/destinationcyber.com\/?p=7143"},"modified":"2007-02-16T10:05:07","modified_gmt":"2007-02-16T09:05:07","slug":"alain-duhamel-suspendu-pour-son-soutien-a-francois-bayrou","status":"publish","type":"post","link":"https:\/\/destinationcyber.com\/?p=7143","title":{"rendered":"Alain Duhamel suspendu pour son soutien \u00e0 Fran\u00e7ois Bayrou"},"content":{"rendered":"<p>Le commentateur politique Alain Duhamel, suspendu des antennes de France-2 et de RTL pour avoir affich\u00e9 son soutien \u00e0 Fran\u00e7ois Bayrou, a regrett\u00e9 que ses propos \u00ab\u00a0priv\u00e9s\u00a0\u00bb aient \u00e9t\u00e9 diffus\u00e9s sur Internet.<\/p>\n<p>Alain Duhamel a affich\u00e9 son soutien au candidat de l&rsquo;UDF lors d&rsquo;une r\u00e9union organis\u00e9e le 27 novembre dernier \u00e0 l&rsquo;Institut d&rsquo;\u00e9tudes politiques de Paris.<\/p>\n<p>Bayrou, \u00ab\u00a0c&rsquo;est quelqu&rsquo;un que j&rsquo;aime bien et je voterai pour lui\u00a0\u00bb, dit-il sur une vid\u00e9o diffus\u00e9e sur Internet, notamment sur le site du \u00ab\u00a0Figaro\u00a0\u00bb.<\/p>\n<p>\u00ab\u00a0Sur le fond, je n&rsquo;aurais pas d\u00fb dire \u00e7a devant des \u00e9tudiants\u00a0\u00bb, a-t-il reconnu, ajoutant que \u00ab\u00a0dans (sa) t\u00eate, c&rsquo;\u00e9tait \u00e0 propos de l&rsquo;Europe\u00a0\u00bb.<\/p>\n<p>Marielle de Sarnez, directrice de campagne de Fran\u00e7ois Bayrou, invit\u00e9e comme lui de la r\u00e9union \u00e0 Sciences-Po, a jug\u00e9 cette suspension \u00ab\u00a0choquante\u00a0\u00bb.<\/p>\n<p>\u00ab\u00a0Il a dit \u00e7a devant 60 \u00e9tudiants, dans un amphi, \u00e0 Sciences-Po, au mois de novembre\u00a0\u00bb, a-t-elle relativis\u00e9, \u00ab\u00a0et puis on le suspend quatre mois apr\u00e8s!\u00a0\u00bb.<\/p>\n<p>\u00ab\u00a0Je pr\u00e9f\u00e8re presque que les journalistes expriment leur propre opinion personnelle de citoyens mais se comportent comme de grands journalistes\u00a0\u00bb, a-t-elle dit.<\/p>\n<p>Fanch<\/p>\n","protected":false},"excerpt":{"rendered":"<p>Le commentateur politique Alain Duhamel, suspendu des antennes de France-2 et de RTL pour avoir affich\u00e9 son soutien \u00e0 Fran\u00e7ois Bayrou, a regrett\u00e9 que ses propos \u00ab\u00a0priv\u00e9s\u00a0\u00bb aient \u00e9t\u00e9 diffus\u00e9s sur Internet. Alain Duhamel a affich\u00e9 son soutien au candidat de l&rsquo;UDF lors d&rsquo;une r\u00e9union organis\u00e9e le 27 novembre dernier \u00e0 l&rsquo;Institut d&rsquo;\u00e9tudes politiques de [&hellip;]<\/p>\n","protected":false},"author":1,"featured_media":0,"comment_status":"closed","ping_status":"open","sticky":false,"template":"","format":"standard","meta":{"_citadela_custom_class":"","footnotes":""},"categories":[16],"tags":[],"class_list":["post-7143","post","type-post","status-publish","format-standard","hentry","category-bricabrac"],"_links":{"self":[{"href":"https:\/\/destinationcyber.com\/index.php?rest_route=\/wp\/v2\/posts\/7143","targetHints":{"allow":["GET"]}}],"collection":[{"href":"https:\/\/destinationcyber.com\/index.php?rest_route=\/wp\/v2\/posts"}],"about":[{"href":"https:\/\/destinationcyber.com\/index.php?rest_route=\/wp\/v2\/types\/post"}],"author":[{"embeddable":true,"href":"https:\/\/destinationcyber.com\/index.php?rest_route=\/wp\/v2\/users\/1"}],"replies":[{"embeddable":true,"href":"https:\/\/destinationcyber.com\/index.php?rest_route=%2Fwp%2Fv2%2Fcomments&post=7143"}],"version-history":[{"count":0,"href":"https:\/\/destinationcyber.com\/index.php?rest_route=\/wp\/v2\/posts\/7143\/revisions"}],"wp:attachment":[{"href":"https:\/\/destinationcyber.com\/index.php?rest_route=%2Fwp%2Fv2%2Fmedia&parent=7143"}],"wp:term":[{"taxonomy":"category","embeddable":true,"href":"https:\/\/destinationcyber.com\/index.php?rest_route=%2Fwp%2Fv2%2Fcategories&post=7143"},{"taxonomy":"post_tag","embeddable":true,"href":"https:\/\/destinationcyber.com\/index.php?rest_route=%2Fwp%2Fv2%2Ftags&post=7143"}],"curies":[{"name":"wp","href":"https:\/\/api.w.org\/{rel}","templated":true}]}}