{"id":7103,"date":"2007-02-09T17:43:34","date_gmt":"2007-02-09T16:43:34","guid":{"rendered":"https:\/\/destinationcyber.com\/?p=7103"},"modified":"2007-02-09T17:43:34","modified_gmt":"2007-02-09T16:43:34","slug":"jose-bove-maintient-sa-candidature-a-lelysee","status":"publish","type":"post","link":"https:\/\/destinationcyber.com\/?p=7103","title":{"rendered":"Jos\u00e9 Bov\u00e9 maintient sa candidature \u00e0 l&rsquo;Elys\u00e9e"},"content":{"rendered":"<p>Le verdict, rendu par la Cour de cassation, d\u00e9pend maintenant d&rsquo;une prochaine d\u00e9cision d&rsquo;un juge d&rsquo;application des peines.<\/p>\n<p>\u00ab\u00a0C&rsquo;est une d\u00e9cision grave\u00a0\u00bb, a affirm\u00e9 \u00e0 la presse Jos\u00e9 Bov\u00e9, \u00e0 l&rsquo;issue du d\u00e9lib\u00e9r\u00e9, ajoutant qu&rsquo;il serait \u00ab\u00a0peut-\u00eatre le premier prisonnier politique \u00e0 \u00eatre en m\u00eame temps candidat \u00e0 l&rsquo;\u00e9lection pr\u00e9sidentielle\u00a0\u00bb.<\/p>\n<p>L&rsquo;ancien leader de la Conf\u00e9d\u00e9ration paysanne s&rsquo;\u00e9tait pourvu en cassation contre sa condamnation, inflig\u00e9e le 15 novembre 2005, par la cour d&rsquo;appel de Toulouse.<\/p>\n<p>Le co-fondateur de la Conf\u00e9d\u00e9ration paysanne a rappel\u00e9 qu&rsquo;il \u00e9tait all\u00e9 \u00ab\u00a0plusieurs fois en prison\u00a0\u00bb, notamment apr\u00e8s le saccage du restaurant McDonald&rsquo;s de Millau.<\/p>\n<p>D&rsquo;un c\u00f4t\u00e9, la complexit\u00e9 de la proc\u00e9dure pourra\u00eet d\u00e9caler le r\u00e8glement de l&rsquo;affaire apr\u00e8s les \u00e9lections pr\u00e9sidentielles, \u00e9vitant ainsi au leader altermondialiste de faire campagne derri\u00e8re les barreaux.<\/p>\n<p>Une autre hypoth\u00e8se pr\u00e9cise que, compte tenu de la dur\u00e9e de la peine requise, Jos\u00e9 Bov\u00e9 pourrait \u00eatre condamn\u00e9 \u00e0 porter un bracelet \u00e9lectronique.<\/p>\n<p>Fanch<\/p>\n","protected":false},"excerpt":{"rendered":"<p>Le verdict, rendu par la Cour de cassation, d\u00e9pend maintenant d&rsquo;une prochaine d\u00e9cision d&rsquo;un juge d&rsquo;application des peines. \u00ab\u00a0C&rsquo;est une d\u00e9cision grave\u00a0\u00bb, a affirm\u00e9 \u00e0 la presse Jos\u00e9 Bov\u00e9, \u00e0 l&rsquo;issue du d\u00e9lib\u00e9r\u00e9, ajoutant qu&rsquo;il serait \u00ab\u00a0peut-\u00eatre le premier prisonnier politique \u00e0 \u00eatre en m\u00eame temps candidat \u00e0 l&rsquo;\u00e9lection pr\u00e9sidentielle\u00a0\u00bb. L&rsquo;ancien leader de la Conf\u00e9d\u00e9ration [&hellip;]<\/p>\n","protected":false},"author":1,"featured_media":0,"comment_status":"closed","ping_status":"open","sticky":false,"template":"","format":"standard","meta":{"_citadela_custom_class":"","footnotes":""},"categories":[16],"tags":[],"class_list":["post-7103","post","type-post","status-publish","format-standard","hentry","category-bricabrac"],"_links":{"self":[{"href":"https:\/\/destinationcyber.com\/index.php?rest_route=\/wp\/v2\/posts\/7103","targetHints":{"allow":["GET"]}}],"collection":[{"href":"https:\/\/destinationcyber.com\/index.php?rest_route=\/wp\/v2\/posts"}],"about":[{"href":"https:\/\/destinationcyber.com\/index.php?rest_route=\/wp\/v2\/types\/post"}],"author":[{"embeddable":true,"href":"https:\/\/destinationcyber.com\/index.php?rest_route=\/wp\/v2\/users\/1"}],"replies":[{"embeddable":true,"href":"https:\/\/destinationcyber.com\/index.php?rest_route=%2Fwp%2Fv2%2Fcomments&post=7103"}],"version-history":[{"count":0,"href":"https:\/\/destinationcyber.com\/index.php?rest_route=\/wp\/v2\/posts\/7103\/revisions"}],"wp:attachment":[{"href":"https:\/\/destinationcyber.com\/index.php?rest_route=%2Fwp%2Fv2%2Fmedia&parent=7103"}],"wp:term":[{"taxonomy":"category","embeddable":true,"href":"https:\/\/destinationcyber.com\/index.php?rest_route=%2Fwp%2Fv2%2Fcategories&post=7103"},{"taxonomy":"post_tag","embeddable":true,"href":"https:\/\/destinationcyber.com\/index.php?rest_route=%2Fwp%2Fv2%2Ftags&post=7103"}],"curies":[{"name":"wp","href":"https:\/\/api.w.org\/{rel}","templated":true}]}}