{"id":7101,"date":"2007-02-09T17:35:20","date_gmt":"2007-02-09T16:35:20","guid":{"rendered":"https:\/\/destinationcyber.com\/?p=7101"},"modified":"2007-02-09T17:35:20","modified_gmt":"2007-02-09T16:35:20","slug":"une-convention-a-ete-signee-entre-la-halde-et-lanpe-pour-lutter-contre-la-discrimination-a-lembauche","status":"publish","type":"post","link":"https:\/\/destinationcyber.com\/?p=7101","title":{"rendered":"Une convention a \u00e9t\u00e9  sign\u00e9e entre la Halde et l&rsquo;ANPE pour lutter contre la discrimination \u00e0 l&#8217;embauche"},"content":{"rendered":"<p>La Haute autorit\u00e9 de lutte contre les discriminations et pour l&rsquo;\u00e9galit\u00e9 (la Halde, pr\u00e9sid\u00e9e par l&rsquo;ancien patron de Renault, Louis Schweitzer) et l&rsquo;Agence nationale pour l&#8217;emploi (ANPE) ont sign\u00e9, ce vendredi, un accord pour une \u00ab\u00a0action concert\u00e9e contre toutes les discriminations prohib\u00e9es par la loi\u00a0\u00bb.<\/p>\n<p>Ce texte de pr\u00e9vention des s\u00e9gr\u00e9gations dans l&rsquo;acc\u00e8s \u00e0 l&#8217;emploi, sign\u00e9 pour un an, pr\u00e9voit notamment des \u00e9changes r\u00e9guliers d&rsquo;informations entre les deux institutions.<\/p>\n<p>Le 26 janvier, une plate-forme nationale destin\u00e9e aux jeunes de moins de 26 ans et issus de quartiers difficiles a \u00e9t\u00e9 mise en place par l&rsquo;ANPE.<\/p>\n<p>Bas\u00e9 en Ile-de-France, ce programme est charg\u00e9 de recueillir les offres d&#8217;emploi des entreprises et de les informer sur les comp\u00e9tences disponibles afin de leur adresser des candidatures de jeunes dipl\u00f4m\u00e9s habitant en zones urbaines sensibles.<\/p>\n<p>Fanch<\/p>\n","protected":false},"excerpt":{"rendered":"<p>La Haute autorit\u00e9 de lutte contre les discriminations et pour l&rsquo;\u00e9galit\u00e9 (la Halde, pr\u00e9sid\u00e9e par l&rsquo;ancien patron de Renault, Louis Schweitzer) et l&rsquo;Agence nationale pour l&#8217;emploi (ANPE) ont sign\u00e9, ce vendredi, un accord pour une \u00ab\u00a0action concert\u00e9e contre toutes les discriminations prohib\u00e9es par la loi\u00a0\u00bb. Ce texte de pr\u00e9vention des s\u00e9gr\u00e9gations dans l&rsquo;acc\u00e8s \u00e0 l&#8217;emploi, [&hellip;]<\/p>\n","protected":false},"author":1,"featured_media":0,"comment_status":"closed","ping_status":"open","sticky":false,"template":"","format":"standard","meta":{"_citadela_custom_class":"","footnotes":""},"categories":[17],"tags":[],"class_list":["post-7101","post","type-post","status-publish","format-standard","hentry","category-economia"],"_links":{"self":[{"href":"https:\/\/destinationcyber.com\/index.php?rest_route=\/wp\/v2\/posts\/7101","targetHints":{"allow":["GET"]}}],"collection":[{"href":"https:\/\/destinationcyber.com\/index.php?rest_route=\/wp\/v2\/posts"}],"about":[{"href":"https:\/\/destinationcyber.com\/index.php?rest_route=\/wp\/v2\/types\/post"}],"author":[{"embeddable":true,"href":"https:\/\/destinationcyber.com\/index.php?rest_route=\/wp\/v2\/users\/1"}],"replies":[{"embeddable":true,"href":"https:\/\/destinationcyber.com\/index.php?rest_route=%2Fwp%2Fv2%2Fcomments&post=7101"}],"version-history":[{"count":0,"href":"https:\/\/destinationcyber.com\/index.php?rest_route=\/wp\/v2\/posts\/7101\/revisions"}],"wp:attachment":[{"href":"https:\/\/destinationcyber.com\/index.php?rest_route=%2Fwp%2Fv2%2Fmedia&parent=7101"}],"wp:term":[{"taxonomy":"category","embeddable":true,"href":"https:\/\/destinationcyber.com\/index.php?rest_route=%2Fwp%2Fv2%2Fcategories&post=7101"},{"taxonomy":"post_tag","embeddable":true,"href":"https:\/\/destinationcyber.com\/index.php?rest_route=%2Fwp%2Fv2%2Ftags&post=7101"}],"curies":[{"name":"wp","href":"https:\/\/api.w.org\/{rel}","templated":true}]}}