{"id":7098,"date":"2007-02-08T11:10:28","date_gmt":"2007-02-08T10:10:28","guid":{"rendered":"https:\/\/destinationcyber.com\/?p=7098"},"modified":"2007-02-08T11:10:28","modified_gmt":"2007-02-08T10:10:28","slug":"leclerc-a-lance-une-troisieme-version-de-son-site-comparateur-de-prix","status":"publish","type":"post","link":"https:\/\/destinationcyber.com\/?p=7098","title":{"rendered":"Leclerc a lanc\u00e9 une troisi\u00e8me version de son site comparateur de prix"},"content":{"rendered":"<p>Leclerc a lanc\u00e9 jeudi une troisi\u00e8me version de son s<a href=\"http:\/\/www.quiestlemoinscher.com\/\">ite internet comparateur de prix<\/a> et compte en faire la publicit\u00e9 \u00e0 la t\u00e9l\u00e9vision, alors que Carrefour a attaqu\u00e9 l&rsquo;enseigne en justice pour \u00ab\u00a0manquement aux r\u00e8gles de la publicit\u00e9 comparative\u00a0\u00bb sur la version pr\u00e9c\u00e9dente.<\/p>\n<p>Cette nouvelle version porte sur des relev\u00e9s qui ont \u00e9t\u00e9 pris entre le 8 et le 17 janvier, ce qui en r\u00e9duit la port\u00e9e puisque les distributeurs changent les prix dans leurs magasins plusieurs fois dans la semaine, voire dans la journ\u00e9e, afin de s&rsquo;aligner avec les enseignes concurrentes.<\/p>\n<p>C&rsquo;est la premi\u00e8re fois qu&rsquo;un distributeur fait ce genre de publicit\u00e9 en Europe\u00a0\u00bb, a fait valoir Michel-Edouard Leclerc, patron des centres Leclerc.<\/p>\n<p>Carrefour a par ailleurs annonc\u00e9 qu&rsquo;il avait attaqu\u00e9 en justice le 20 d\u00e9cembre les Centres Leclerc pour \u00ab\u00a0manquement aux r\u00e8gles de la publicit\u00e9 comparative\u00a0\u00bb sur leur site internet de comparaison de prix.<\/p>\n<p>Le distributeur avait d\u00e9j\u00e0 fait fermer un premier site d\u00e9but juin pour \u00ab\u00a0publicit\u00e9 comparative illicite\u00a0\u00bb peu apr\u00e8s son lancement en mai.<\/p>\n<p>Auchan a aussi assign\u00e9 Leclerc en justice pour ce site et la proc\u00e9dure est en cours.<\/p>\n<p>Le premier site, qui compara\u00eet les prix entre les enseignes Leclerc et ses concurrents locaux sur un panel de produits de consommation courante, montrait que Leclerc \u00e9tait le moins cher sur la quasi-totalit\u00e9 du territoire.<\/p>\n<p>Leclerc est revenu \u00e0 la charge en novembre, avec la deuxi\u00e8me version.<\/p>\n<p>Fanch<\/p>\n","protected":false},"excerpt":{"rendered":"<p>Leclerc a lanc\u00e9 jeudi une troisi\u00e8me version de son site internet comparateur de prix et compte en faire la publicit\u00e9 \u00e0 la t\u00e9l\u00e9vision, alors que Carrefour a attaqu\u00e9 l&rsquo;enseigne en justice pour \u00ab\u00a0manquement aux r\u00e8gles de la publicit\u00e9 comparative\u00a0\u00bb sur la version pr\u00e9c\u00e9dente. Cette nouvelle version porte sur des relev\u00e9s qui ont \u00e9t\u00e9 pris entre [&hellip;]<\/p>\n","protected":false},"author":1,"featured_media":0,"comment_status":"closed","ping_status":"open","sticky":false,"template":"","format":"standard","meta":{"_citadela_custom_class":"","footnotes":""},"categories":[18],"tags":[],"class_list":["post-7098","post","type-post","status-publish","format-standard","hentry","category-medias"],"_links":{"self":[{"href":"https:\/\/destinationcyber.com\/index.php?rest_route=\/wp\/v2\/posts\/7098","targetHints":{"allow":["GET"]}}],"collection":[{"href":"https:\/\/destinationcyber.com\/index.php?rest_route=\/wp\/v2\/posts"}],"about":[{"href":"https:\/\/destinationcyber.com\/index.php?rest_route=\/wp\/v2\/types\/post"}],"author":[{"embeddable":true,"href":"https:\/\/destinationcyber.com\/index.php?rest_route=\/wp\/v2\/users\/1"}],"replies":[{"embeddable":true,"href":"https:\/\/destinationcyber.com\/index.php?rest_route=%2Fwp%2Fv2%2Fcomments&post=7098"}],"version-history":[{"count":0,"href":"https:\/\/destinationcyber.com\/index.php?rest_route=\/wp\/v2\/posts\/7098\/revisions"}],"wp:attachment":[{"href":"https:\/\/destinationcyber.com\/index.php?rest_route=%2Fwp%2Fv2%2Fmedia&parent=7098"}],"wp:term":[{"taxonomy":"category","embeddable":true,"href":"https:\/\/destinationcyber.com\/index.php?rest_route=%2Fwp%2Fv2%2Fcategories&post=7098"},{"taxonomy":"post_tag","embeddable":true,"href":"https:\/\/destinationcyber.com\/index.php?rest_route=%2Fwp%2Fv2%2Ftags&post=7098"}],"curies":[{"name":"wp","href":"https:\/\/api.w.org\/{rel}","templated":true}]}}