{"id":7096,"date":"2007-02-08T10:03:33","date_gmt":"2007-02-08T09:03:33","guid":{"rendered":"https:\/\/destinationcyber.com\/?p=7096"},"modified":"2007-02-08T10:03:33","modified_gmt":"2007-02-08T09:03:33","slug":"jacques-chirac-laisse-entendre-quil-renoncera-a-se-presenter-a-la-prochaine-presidentielle","status":"publish","type":"post","link":"https:\/\/destinationcyber.com\/?p=7096","title":{"rendered":"Jacques Chirac laisse entendre qu&rsquo;il renoncera \u00e0 se pr\u00e9senter \u00e0 la prochaine pr\u00e9sidentielle"},"content":{"rendered":"<p>Jacques Chirac laisse entendre qu&rsquo;il renoncera \u00e0 se pr\u00e9senter \u00e0 la prochaine pr\u00e9sidentielle et s&rsquo;appr\u00eate \u00e0 quitter la politique dans une interview r\u00e9alis\u00e9e par Michel Drucker qui doit \u00eatre diffus\u00e9e dimanche.<\/p>\n<p>Le chef de l&rsquo;Etat a \u00e9t\u00e9 interrog\u00e9 par l&rsquo;animateur de t\u00e9l\u00e9vision pour les besoins d&rsquo;une \u00e9mission consacr\u00e9e \u00e0 Bernadette Chirac, dont Le Parisien relate les principaux extraits dans son \u00e9dition de jeudi.<\/p>\n<p>Michel Drucker lui demandant s&rsquo;il y a donc une vie apr\u00e8s la politique, Jacques Chirac r\u00e9pond sans d\u00e9tour.<\/p>\n<p>Le deuxi\u00e8me mandat de Jacques Chirac prend fin au printemps avec le scrutin pr\u00e9sidentiel.<\/p>\n<p>Au cours des derniers mois, il a renvoy\u00e9 l&rsquo;annonce de d\u00e9cision de se pr\u00e9senter \u00e0 nouveau au premier trimestre 2007.<\/p>\n<p>Il s&rsquo;est gard\u00e9 de livrer un quelconque testament politique, notamment pendant la r\u00e9cente p\u00e9riode des voeux, affichant sa volont\u00e9 d&rsquo;\u00eatre \u00ab\u00a0dans l&rsquo;action\u00a0\u00bb et fixant des objectifs pour le pays pour les ann\u00e9es \u00e0 venir.<\/p>\n<p>Fanch<\/p>\n","protected":false},"excerpt":{"rendered":"<p>Jacques Chirac laisse entendre qu&rsquo;il renoncera \u00e0 se pr\u00e9senter \u00e0 la prochaine pr\u00e9sidentielle et s&rsquo;appr\u00eate \u00e0 quitter la politique dans une interview r\u00e9alis\u00e9e par Michel Drucker qui doit \u00eatre diffus\u00e9e dimanche. Le chef de l&rsquo;Etat a \u00e9t\u00e9 interrog\u00e9 par l&rsquo;animateur de t\u00e9l\u00e9vision pour les besoins d&rsquo;une \u00e9mission consacr\u00e9e \u00e0 Bernadette Chirac, dont Le Parisien relate [&hellip;]<\/p>\n","protected":false},"author":1,"featured_media":0,"comment_status":"closed","ping_status":"open","sticky":false,"template":"","format":"standard","meta":{"_citadela_custom_class":"","footnotes":""},"categories":[16],"tags":[],"class_list":["post-7096","post","type-post","status-publish","format-standard","hentry","category-bricabrac"],"_links":{"self":[{"href":"https:\/\/destinationcyber.com\/index.php?rest_route=\/wp\/v2\/posts\/7096","targetHints":{"allow":["GET"]}}],"collection":[{"href":"https:\/\/destinationcyber.com\/index.php?rest_route=\/wp\/v2\/posts"}],"about":[{"href":"https:\/\/destinationcyber.com\/index.php?rest_route=\/wp\/v2\/types\/post"}],"author":[{"embeddable":true,"href":"https:\/\/destinationcyber.com\/index.php?rest_route=\/wp\/v2\/users\/1"}],"replies":[{"embeddable":true,"href":"https:\/\/destinationcyber.com\/index.php?rest_route=%2Fwp%2Fv2%2Fcomments&post=7096"}],"version-history":[{"count":0,"href":"https:\/\/destinationcyber.com\/index.php?rest_route=\/wp\/v2\/posts\/7096\/revisions"}],"wp:attachment":[{"href":"https:\/\/destinationcyber.com\/index.php?rest_route=%2Fwp%2Fv2%2Fmedia&parent=7096"}],"wp:term":[{"taxonomy":"category","embeddable":true,"href":"https:\/\/destinationcyber.com\/index.php?rest_route=%2Fwp%2Fv2%2Fcategories&post=7096"},{"taxonomy":"post_tag","embeddable":true,"href":"https:\/\/destinationcyber.com\/index.php?rest_route=%2Fwp%2Fv2%2Ftags&post=7096"}],"curies":[{"name":"wp","href":"https:\/\/api.w.org\/{rel}","templated":true}]}}