{"id":7094,"date":"2007-02-08T09:45:36","date_gmt":"2007-02-08T08:45:36","guid":{"rendered":"https:\/\/destinationcyber.com\/?p=7094"},"modified":"2007-02-08T09:45:36","modified_gmt":"2007-02-08T08:45:36","slug":"lindustrie-automobile-seleve-contre-loffensive-de-bruxelles","status":"publish","type":"post","link":"https:\/\/destinationcyber.com\/?p=7094","title":{"rendered":"L&rsquo;industrie automobile s&rsquo;\u00e9l\u00e8ve contre l&rsquo;offensive de Bruxelles"},"content":{"rendered":"<p>L&rsquo;industrie automobile europ\u00e9enne a fustig\u00e9 mercredi 7 f\u00e9vrier, \u00ab\u00a0les objectifs arbitraires\u00a0\u00bb de r\u00e9duction des \u00e9missions de CO2 des voitures annonc\u00e9s le m\u00eame jour par la Commission europ\u00e9enne.<\/p>\n<p>Au nom de la lutte contre le r\u00e9chauffement climatique dont la r\u00e9alit\u00e9 a \u00e9t\u00e9 r\u00e9affirm\u00e9e ces derniers jours lors de la conf\u00e9rence internationale sur le climat qui s&rsquo;est tenue \u00e0 Paris les 2 et 3 f\u00e9vrier, les autorit\u00e9s europ\u00e9ennes ont en effet d\u00e9cid\u00e9 que les voitures neuves ne devront plus \u00e9mettre en moyenne que 120 grammes de dioxyde de carbone (CO2) par kilom\u00e8tre \u00e0 partir de 2012, contre environ 160 g actuellement.<\/p>\n<p>\u00ab\u00a0Faire porter le fardeau essentiellement sur l&rsquo;industrie automobile est la m\u00e9thode la plus ch\u00e8re et la moins efficace du point de vue des co\u00fbts\u00a0\u00bb, poursuit l&rsquo;ACEA qui conjugue critique et menace: \u00ab\u00a0cela conduira \u00e0 une perte d&#8217;emplois et \u00e0 une d\u00e9localisation de la production en dehors de l&rsquo;Union europ\u00e9enne\u00a0\u00bb.<\/p>\n<p>\u00ab\u00a0Cette ambition europ\u00e9enne, globalement nous la soutenons\u00a0\u00bb, a-t-il d\u00e9clar\u00e9 lors d&rsquo;une conf\u00e9rence de presse, tout en pr\u00e9cisant qu&rsquo;il sera \u00ab\u00a0tr\u00e8s difficile\u00a0\u00bb de la mettre en oeuvre.<\/p>\n<p>La r\u00e9action des constructeurs auto europ\u00e9ens illustre une nouvelle fois la difficult\u00e9 qu&rsquo;il y a \u00e0 mener une politique en faveur de l&rsquo;\u00e9cologie sans se heurter aux int\u00e9r\u00eats \u00e9conomiques.<\/p>\n<p>Rouler plus \u00e9colo, \u00e9conomiser l&rsquo;eau en privil\u00e9giant les douches aux bains, trier ses ordures, privil\u00e9gier les transports en commun&#8230;<\/p>\n<p>Cette politique a sans doute son efficacit\u00e9 mais aussi ses limites.<\/p>\n<p>Car d\u00e8s lors qu&rsquo;il faut obtenir des r\u00e9sultats rapides et probants, la p\u00e9dagogie et l&rsquo;incitation montrent leurs limites et il faut alors passer \u00e0 une politique aux accents plus coercitifs.<\/p>\n<p>C&rsquo;est ce \u00e0 quoi ont abouti les r\u00e9flexions de la Commission europ\u00e9enne qui vient de d\u00e9cider d&rsquo;imposer aux constructeurs auto qu&rsquo;ils fabriquent d\u00e8s 2012 des moteurs moins polluants.<\/p>\n<p>Et ceci alors que le secteur des transports compte parmi les plus grands pollueurs de la plan\u00e8te et en d\u00e9pit semble-t-il des menaces des fabricants.<\/p>\n<p>Fanch<\/p>\n","protected":false},"excerpt":{"rendered":"<p>L&rsquo;industrie automobile europ\u00e9enne a fustig\u00e9 mercredi 7 f\u00e9vrier, \u00ab\u00a0les objectifs arbitraires\u00a0\u00bb de r\u00e9duction des \u00e9missions de CO2 des voitures annonc\u00e9s le m\u00eame jour par la Commission europ\u00e9enne. Au nom de la lutte contre le r\u00e9chauffement climatique dont la r\u00e9alit\u00e9 a \u00e9t\u00e9 r\u00e9affirm\u00e9e ces derniers jours lors de la conf\u00e9rence internationale sur le climat qui s&rsquo;est [&hellip;]<\/p>\n","protected":false},"author":1,"featured_media":0,"comment_status":"closed","ping_status":"open","sticky":false,"template":"","format":"standard","meta":{"_citadela_custom_class":"","footnotes":""},"categories":[17],"tags":[],"class_list":["post-7094","post","type-post","status-publish","format-standard","hentry","category-economia"],"_links":{"self":[{"href":"https:\/\/destinationcyber.com\/index.php?rest_route=\/wp\/v2\/posts\/7094","targetHints":{"allow":["GET"]}}],"collection":[{"href":"https:\/\/destinationcyber.com\/index.php?rest_route=\/wp\/v2\/posts"}],"about":[{"href":"https:\/\/destinationcyber.com\/index.php?rest_route=\/wp\/v2\/types\/post"}],"author":[{"embeddable":true,"href":"https:\/\/destinationcyber.com\/index.php?rest_route=\/wp\/v2\/users\/1"}],"replies":[{"embeddable":true,"href":"https:\/\/destinationcyber.com\/index.php?rest_route=%2Fwp%2Fv2%2Fcomments&post=7094"}],"version-history":[{"count":0,"href":"https:\/\/destinationcyber.com\/index.php?rest_route=\/wp\/v2\/posts\/7094\/revisions"}],"wp:attachment":[{"href":"https:\/\/destinationcyber.com\/index.php?rest_route=%2Fwp%2Fv2%2Fmedia&parent=7094"}],"wp:term":[{"taxonomy":"category","embeddable":true,"href":"https:\/\/destinationcyber.com\/index.php?rest_route=%2Fwp%2Fv2%2Fcategories&post=7094"},{"taxonomy":"post_tag","embeddable":true,"href":"https:\/\/destinationcyber.com\/index.php?rest_route=%2Fwp%2Fv2%2Ftags&post=7094"}],"curies":[{"name":"wp","href":"https:\/\/api.w.org\/{rel}","templated":true}]}}