{"id":7054,"date":"2007-02-02T17:21:32","date_gmt":"2007-02-02T16:21:32","guid":{"rendered":"https:\/\/destinationcyber.com\/?p=7054"},"modified":"2007-02-02T17:21:32","modified_gmt":"2007-02-02T16:21:32","slug":"56-des-noirs-en-france-se-disent-victimes-de-discrimination","status":"publish","type":"post","link":"https:\/\/destinationcyber.com\/?p=7054","title":{"rendered":"56% des Noirs en France se disent victimes de discrimination"},"content":{"rendered":"<p>Pr\u00e8s de 4% de la population fran\u00e7aise \u00e2g\u00e9e de plus de 18 ans est \u00ab\u00a0noire\u00a0\u00bb et, au sein de cette cat\u00e9gorie, 56% se d\u00e9clarent \u00ab\u00a0personnellement victimes de discrimination raciale dans leur vie de tous les jours\u00a0\u00bb, r\u00e9v\u00e8le une \u00e9tude TNS Sofres r\u00e9alis\u00e9e pour le Cran (Conseil repr\u00e9sentatif des associations noires).<\/p>\n<p>Selon cette \u00e9tude, qui affirme \u00eatre le premier sondage jamais r\u00e9alis\u00e9 sur la population noire de France, il y a 1.865.000 Noirs de plus de 18 ans en France, soit 3,86% des personnes interrog\u00e9es.<\/p>\n<p>Plus d&rsquo;un tiers des personnes interrog\u00e9es (37%) citent une attitude d\u00e9daigneuse, m\u00e9prisante ou irrespectueuse, pr\u00e8s d&rsquo;un quart (24%) une agression verbale, une insulte ou des difficult\u00e9s lors de l&rsquo;achat ou de la location d&rsquo;un logement, des contr\u00f4les d&rsquo;identit\u00e9 ou de police (23%) ou encore des difficult\u00e9s dans leurs relations avec les services publics (22%).<\/p>\n<p>18% disent avoir rencontr\u00e9 un refus d&#8217;embauche qu&rsquo;ils estiment d\u00fb \u00e0 la couleur de leur peau.<\/p>\n<p>Par ailleurs, les Noirs d\u00e9clarent \u00e0 53% exercer une activit\u00e9 professionnelle.<\/p>\n<p>Parmi les acteurs susceptibles de lutter contre les discriminations faites \u00e0 l&rsquo;encontre des populations noires, la confiance va aux associations (81%), \u00e0 l&rsquo;Ecole (72%) et \u00e0 la Halde (68%).<\/p>\n<p>En revanche, les Noirs interrog\u00e9s sont partag\u00e9s sur les m\u00e9dias (48% de confiance contre 49%), m\u00e9fiants vis-\u00e0-vis de la police (37% de confiance contre 60%) et surtout, des responsables politiques (29\/67).<\/p>\n<p>L&rsquo;\u00e9tude a \u00e9t\u00e9 r\u00e9alis\u00e9e du 3 au 23 janvier en France m\u00e9tropolitaine et dans les Dom aupr\u00e8s d&rsquo;\u00e9chantillons repr\u00e9sentatifs. 13.059 personnes ont \u00e9t\u00e9 interrog\u00e9es.<\/p>\n<p>Fanch<\/p>\n","protected":false},"excerpt":{"rendered":"<p>Pr\u00e8s de 4% de la population fran\u00e7aise \u00e2g\u00e9e de plus de 18 ans est \u00ab\u00a0noire\u00a0\u00bb et, au sein de cette cat\u00e9gorie, 56% se d\u00e9clarent \u00ab\u00a0personnellement victimes de discrimination raciale dans leur vie de tous les jours\u00a0\u00bb, r\u00e9v\u00e8le une \u00e9tude TNS Sofres r\u00e9alis\u00e9e pour le Cran (Conseil repr\u00e9sentatif des associations noires). Selon cette \u00e9tude, qui affirme [&hellip;]<\/p>\n","protected":false},"author":1,"featured_media":0,"comment_status":"closed","ping_status":"open","sticky":false,"template":"","format":"standard","meta":{"_citadela_custom_class":"","footnotes":""},"categories":[15],"tags":[],"class_list":["post-7054","post","type-post","status-publish","format-standard","hentry","category-securite"],"_links":{"self":[{"href":"https:\/\/destinationcyber.com\/index.php?rest_route=\/wp\/v2\/posts\/7054","targetHints":{"allow":["GET"]}}],"collection":[{"href":"https:\/\/destinationcyber.com\/index.php?rest_route=\/wp\/v2\/posts"}],"about":[{"href":"https:\/\/destinationcyber.com\/index.php?rest_route=\/wp\/v2\/types\/post"}],"author":[{"embeddable":true,"href":"https:\/\/destinationcyber.com\/index.php?rest_route=\/wp\/v2\/users\/1"}],"replies":[{"embeddable":true,"href":"https:\/\/destinationcyber.com\/index.php?rest_route=%2Fwp%2Fv2%2Fcomments&post=7054"}],"version-history":[{"count":0,"href":"https:\/\/destinationcyber.com\/index.php?rest_route=\/wp\/v2\/posts\/7054\/revisions"}],"wp:attachment":[{"href":"https:\/\/destinationcyber.com\/index.php?rest_route=%2Fwp%2Fv2%2Fmedia&parent=7054"}],"wp:term":[{"taxonomy":"category","embeddable":true,"href":"https:\/\/destinationcyber.com\/index.php?rest_route=%2Fwp%2Fv2%2Fcategories&post=7054"},{"taxonomy":"post_tag","embeddable":true,"href":"https:\/\/destinationcyber.com\/index.php?rest_route=%2Fwp%2Fv2%2Ftags&post=7054"}],"curies":[{"name":"wp","href":"https:\/\/api.w.org\/{rel}","templated":true}]}}