{"id":7053,"date":"2007-02-02T17:13:25","date_gmt":"2007-02-02T16:13:25","guid":{"rendered":"https:\/\/destinationcyber.com\/?p=7053"},"modified":"2007-02-02T17:13:25","modified_gmt":"2007-02-02T16:13:25","slug":"les-noirs-de-france-vont-peser-dans-la-presidentielle","status":"publish","type":"post","link":"https:\/\/destinationcyber.com\/?p=7053","title":{"rendered":"Les Noirs de France vont peser dans la pr\u00e9sidentielle"},"content":{"rendered":"<p>Les Noirs de France se comptent, ils seraient 1,865 million, \u00e2g\u00e9s de plus de 18 ans selon une \u00e9tude TNS Sofres, et entendent peser dans la campagne pr\u00e9sidentielle pour lutter contre les discriminations dont ils s&rsquo;estiment victimes.<\/p>\n<p>Selon cette \u00e9tude, la premi\u00e8re du genre, command\u00e9e par le Conseil repr\u00e9sentatif des associations noires (Cran) en association avec le Parisien, il y aurait en France 1.865.000 Noirs de plus de 18 ans, soit 3,86% de la population.<\/p>\n<p>Parmi eux, plus de la moiti\u00e9 (56%) se disent personnellement victimes de discrimination raciale : 12% d\u00e9clarent l&rsquo;\u00eatre souvent, 19% de temps en temps et 25% rarement.<\/p>\n<p>\u00ab\u00a0Nous ne sommes l\u00e0 ni dans la statistique, ni dans le recensement, a-t-il d\u00e9clar\u00e9, mais dans l&rsquo;\u00e9tude d&rsquo;opinion\u00a0\u00bb, soulignant que l&rsquo;\u00e9tude \u00e9tait fond\u00e9e sur \u00ab\u00a0la perception subjective de ceux qui se d\u00e9clarent Noirs\u00a0\u00bb.<\/p>\n<p>Il a en outre pr\u00e9cis\u00e9 que l&rsquo;\u00e9tude, r\u00e9alis\u00e9e par t\u00e9l\u00e9phone du 3 au 23 janvier en France m\u00e9tropolitaine et dans les Dom, aupr\u00e8s de 13.059 personnes, montrait que 81% d&rsquo;entre elles \u00e9taient de nationalit\u00e9 fran\u00e7aise.<\/p>\n<p>Patrick Loz\u00e8s, pr\u00e9sident du Cran, s&rsquo;est d\u00e9clar\u00e9 \u00ab\u00a0choqu\u00e9\u00a0\u00bb que 61% des Noirs fran\u00e7ais se soient sentis discrimin\u00e9s au cours de l&rsquo;ann\u00e9e et que seuls 29% fassent confiance aux politiques.<\/p>\n<p>\u00ab\u00a0Les Noirs feront la diff\u00e9rence dans l&rsquo;isoloir\u00a0\u00bb, a-t-il lanc\u00e9, rappelant qu&rsquo;il n&rsquo;y avait eu \u00ab\u00a0que 200.000 voix de diff\u00e9rence entre Jospin et Le Pen au premier tour\u00a0\u00bb de la pr\u00e9sidentielle de 2002.<\/p>\n<p>Le pr\u00e9sident du Cran &#8211; qui a grandi en r\u00e9gion parisienne -, pharmacien et fils d&rsquo;un ancien s\u00e9nateur de la IV\u00e8me R\u00e9publique, a d\u00e9nonc\u00e9 l&rsquo;existence en France d&rsquo;un \u00ab\u00a0racisme de faible intensit\u00e9, que l&rsquo;on ne per\u00e7oit que lorsque l&rsquo;on est d&rsquo;un seul c\u00f4t\u00e9 de la barri\u00e8re\u00a0\u00bb.<\/p>\n<p>Le Cran, cr\u00e9\u00e9 en novembre 2005 et qui f\u00e9d\u00e8re un millier d&rsquo;associations, a soumis un questionnaire aux diff\u00e9rents candidats \u00e0 la pr\u00e9sidentielle sur la fa\u00e7on dont ils comptent lutter contre les discriminations, et attend les r\u00e9ponses pour le 16 f\u00e9vrier.<\/p>\n<p>Fanch<\/p>\n","protected":false},"excerpt":{"rendered":"<p>Les Noirs de France se comptent, ils seraient 1,865 million, \u00e2g\u00e9s de plus de 18 ans selon une \u00e9tude TNS Sofres, et entendent peser dans la campagne pr\u00e9sidentielle pour lutter contre les discriminations dont ils s&rsquo;estiment victimes. Selon cette \u00e9tude, la premi\u00e8re du genre, command\u00e9e par le Conseil repr\u00e9sentatif des associations noires (Cran) en association [&hellip;]<\/p>\n","protected":false},"author":1,"featured_media":0,"comment_status":"closed","ping_status":"open","sticky":false,"template":"","format":"standard","meta":{"_citadela_custom_class":"","footnotes":""},"categories":[16],"tags":[],"class_list":["post-7053","post","type-post","status-publish","format-standard","hentry","category-bricabrac"],"_links":{"self":[{"href":"https:\/\/destinationcyber.com\/index.php?rest_route=\/wp\/v2\/posts\/7053","targetHints":{"allow":["GET"]}}],"collection":[{"href":"https:\/\/destinationcyber.com\/index.php?rest_route=\/wp\/v2\/posts"}],"about":[{"href":"https:\/\/destinationcyber.com\/index.php?rest_route=\/wp\/v2\/types\/post"}],"author":[{"embeddable":true,"href":"https:\/\/destinationcyber.com\/index.php?rest_route=\/wp\/v2\/users\/1"}],"replies":[{"embeddable":true,"href":"https:\/\/destinationcyber.com\/index.php?rest_route=%2Fwp%2Fv2%2Fcomments&post=7053"}],"version-history":[{"count":0,"href":"https:\/\/destinationcyber.com\/index.php?rest_route=\/wp\/v2\/posts\/7053\/revisions"}],"wp:attachment":[{"href":"https:\/\/destinationcyber.com\/index.php?rest_route=%2Fwp%2Fv2%2Fmedia&parent=7053"}],"wp:term":[{"taxonomy":"category","embeddable":true,"href":"https:\/\/destinationcyber.com\/index.php?rest_route=%2Fwp%2Fv2%2Fcategories&post=7053"},{"taxonomy":"post_tag","embeddable":true,"href":"https:\/\/destinationcyber.com\/index.php?rest_route=%2Fwp%2Fv2%2Ftags&post=7053"}],"curies":[{"name":"wp","href":"https:\/\/api.w.org\/{rel}","templated":true}]}}