{"id":7043,"date":"2007-02-01T16:05:14","date_gmt":"2007-02-01T15:05:14","guid":{"rendered":"https:\/\/destinationcyber.com\/?p=7043"},"modified":"2007-02-01T16:05:14","modified_gmt":"2007-02-01T15:05:14","slug":"nicolas-sarkozy-defend-sa-conception-de-la-valeur-travail","status":"publish","type":"post","link":"https:\/\/destinationcyber.com\/?p=7043","title":{"rendered":"Nicolas Sarkozy d\u00e9fend sa conception de la \u00ab valeur travail \u00bb"},"content":{"rendered":"<p>Nicolas Sarkozy a pass\u00e9 plus de quatre heures jeudi matin au march\u00e9 de gros de Rungis, pr\u00e8s de Paris, o\u00f9 il a d\u00e9fendu sa conception de la \u00ab\u00a0valeur travail\u00a0\u00bb aupr\u00e8s de \u00ab\u00a0la France qui se l\u00e8ve t\u00f4t\u00a0\u00bb.<\/p>\n<p>Quand le candidat de l&rsquo;UMP \u00e0 l&rsquo;\u00e9lection pr\u00e9sidentielle, en anorak blanc et col roul\u00e9 bleu marine arrive au pavillon de la mar\u00e9e, il est \u00e0 peine plus de cinq heures et il fait nuit.<\/p>\n<p>\u00ab\u00a0Je suis venu \u00e0 Rungis pour voir la France qui se l\u00e8ve t\u00f4t parce que je pense toujours que le probl\u00e8me de la France c&rsquo;est le travail\u00a0\u00bb, dit-il \u00e0 des journalistes.<\/p>\n<p>\u00ab\u00a0Il faut respecter le travail, il faut le valoriser et il faut le r\u00e9compenser et ici, ils savent ce que c&rsquo;est que le travail.\u00a0\u00bb<\/p>\n<p>Nicolas Sarkozy d\u00e9ambule entre les caisses de poissons, de crustac\u00e9s et de fruits de mer, arr\u00eat\u00e9 par des grossistes et des salari\u00e9s qui l&rsquo;interpellent sur la dur\u00e9e du temps de travail, la p\u00e9nibilit\u00e9 de leur t\u00e2che et le d\u00e9part \u00e0 la retraite.<\/p>\n<p>\u00ab\u00a0Vous avez des gars qui commencent \u00e0 dix heures du soir et travaillent jusqu&rsquo;\u00e0 pas d&rsquo;heure ; 42 ans de travail c&rsquo;est beaucoup pour ces gens-l\u00e0\u00a0\u00bb, r\u00e9sume Philippe Amouroux, grossiste.<\/p>\n<p>Le candidat admet qu&rsquo;il faut prendre en compte la p\u00e9nibilit\u00e9 du travail mais r\u00e9p\u00e8te aux uns et autres : \u00ab\u00a0Il faut laisser les gens travailler plus pour gagner plus, c&rsquo;est mon programme (&#8230;) Moi je veux \u00eatre le candidat du travail.\u00a0\u00bb<\/p>\n<p>Je suis oblig\u00e9e de dormir en deux fois\u00a0\u00bb, se plaint une femme d&rsquo;une cinquantaine d&rsquo;ann\u00e9es.<\/p>\n<p>\u00ab\u00a0Et le c\u00e2lin, c&rsquo;est une fois par semaine!\u00a0\u00bb, lance un homme qui se m\u00eale \u00e0 la conversation.<\/p>\n<p>D&rsquo;autres se plaignent des quotas et des normes de p\u00eache d\u00e9cr\u00e9t\u00e9s par l&rsquo;Union europ\u00e9enne.<\/p>\n<p>Une femme, derri\u00e8re un guichet temp\u00eate : \u00ab\u00a0Qui va payer pour cette campagne ?\u00a0\u00bb.<\/p>\n<p>Mais dans l&rsquo;ensemble, les \u00e9changes sont bon enfant, m\u00eame quand les interlocuteurs mettent en doute la capacit\u00e9 du candidat \u00e0 tenir ses promesses &#8211; \u00ab\u00a0Est-ce que vous n&rsquo;avez pas les pieds et les mains li\u00e9s ?\u00a0\u00bb<\/p>\n<p>Dans le pavillon de la triperie, un chevillard d&rsquo;origine marocaine explique \u00e0 Nicolas Sarkozy en quoi consiste la viande \u00ab\u00a0hallal\u00a0\u00bb (abattue selon le rite musulman).<\/p>\n<p>Ici, de nombreux salari\u00e9s sont originaires d&rsquo;Afrique et d&rsquo;Afrique du Nord mais ne semblent pas tenir rigueur au ministre de l&rsquo;Int\u00e9rieur d&rsquo;avoir promis de nettoyer une cit\u00e9 de banlieue au K\u00e4rcher ou d&rsquo;en d\u00e9barrasser une autre de sa \u00ab\u00a0racaille\u00a0\u00bb.<\/p>\n<p>\u00ab\u00a0M. Sarkozy, sinc\u00e8rement, s&rsquo;ils avaient trouv\u00e9 un bon boulot pay\u00e9 correctement, les racailles ne seraient pas dans les halls d&rsquo;immeuble.<\/p>\n<p>Ils seraient en train de charbonner, comme tout le monde\u00a0\u00bb, lui dit sans agressivit\u00e9 Tarek, 22 ans.<\/p>\n<p>Fanch<\/p>\n","protected":false},"excerpt":{"rendered":"<p>Nicolas Sarkozy a pass\u00e9 plus de quatre heures jeudi matin au march\u00e9 de gros de Rungis, pr\u00e8s de Paris, o\u00f9 il a d\u00e9fendu sa conception de la \u00ab\u00a0valeur travail\u00a0\u00bb aupr\u00e8s de \u00ab\u00a0la France qui se l\u00e8ve t\u00f4t\u00a0\u00bb. Quand le candidat de l&rsquo;UMP \u00e0 l&rsquo;\u00e9lection pr\u00e9sidentielle, en anorak blanc et col roul\u00e9 bleu marine arrive au [&hellip;]<\/p>\n","protected":false},"author":1,"featured_media":0,"comment_status":"closed","ping_status":"open","sticky":false,"template":"","format":"standard","meta":{"_citadela_custom_class":"","footnotes":""},"categories":[17],"tags":[],"class_list":["post-7043","post","type-post","status-publish","format-standard","hentry","category-economia"],"_links":{"self":[{"href":"https:\/\/destinationcyber.com\/index.php?rest_route=\/wp\/v2\/posts\/7043","targetHints":{"allow":["GET"]}}],"collection":[{"href":"https:\/\/destinationcyber.com\/index.php?rest_route=\/wp\/v2\/posts"}],"about":[{"href":"https:\/\/destinationcyber.com\/index.php?rest_route=\/wp\/v2\/types\/post"}],"author":[{"embeddable":true,"href":"https:\/\/destinationcyber.com\/index.php?rest_route=\/wp\/v2\/users\/1"}],"replies":[{"embeddable":true,"href":"https:\/\/destinationcyber.com\/index.php?rest_route=%2Fwp%2Fv2%2Fcomments&post=7043"}],"version-history":[{"count":0,"href":"https:\/\/destinationcyber.com\/index.php?rest_route=\/wp\/v2\/posts\/7043\/revisions"}],"wp:attachment":[{"href":"https:\/\/destinationcyber.com\/index.php?rest_route=%2Fwp%2Fv2%2Fmedia&parent=7043"}],"wp:term":[{"taxonomy":"category","embeddable":true,"href":"https:\/\/destinationcyber.com\/index.php?rest_route=%2Fwp%2Fv2%2Fcategories&post=7043"},{"taxonomy":"post_tag","embeddable":true,"href":"https:\/\/destinationcyber.com\/index.php?rest_route=%2Fwp%2Fv2%2Ftags&post=7043"}],"curies":[{"name":"wp","href":"https:\/\/api.w.org\/{rel}","templated":true}]}}