{"id":7039,"date":"2007-01-31T18:08:40","date_gmt":"2007-01-31T17:08:40","guid":{"rendered":"https:\/\/destinationcyber.com\/?p=7039"},"modified":"2007-01-31T18:08:40","modified_gmt":"2007-01-31T17:08:40","slug":"lump-divisee-sur-la-reforme-du-contrat-de-travail","status":"publish","type":"post","link":"https:\/\/destinationcyber.com\/?p=7039","title":{"rendered":"L&rsquo;UMP divis\u00e9e sur la r\u00e9forme du contrat de travail"},"content":{"rendered":"<p>L&rsquo;ouverture de la campagne \u00e9lectorale ne signe pas l&rsquo;armistice entre Dominique de Villepin et Nicolas Sarkozy.<\/p>\n<p>Un nouveau th\u00e8me d&rsquo;affrontement divise aujourd&rsquo;hui le Premier ministre et le candidat UMP \u00e0 la pr\u00e9sidentielle : la r\u00e9forme du contrat de travail.<\/p>\n<p>Sur le fond du dossier, toute la droite se retrouve pour pr\u00f4ner un assouplissement du droit du travail, seule voie, selon elle, pour \u00ab\u00a0lib\u00e9rer les embauches\u00a0\u00bb, comme elle se pla\u00eet \u00e0 le r\u00e9p\u00e9ter.<\/p>\n<p>Dans son programme pr\u00e9sidentiel, Nicolas Sarkozy propose l&rsquo;instauration d&rsquo;un contrat de travail unique qu&rsquo;il pr\u00e9sente comme un CDI (contrat \u00e0 dut\u00e9e ind\u00e9termin\u00e9e) assorti de droits progressifs pour le salari\u00e9 et de proc\u00e9dures de licenciement all\u00e9g\u00e9s pour l&#8217;employeur.<\/p>\n<p>Lors de sa conf\u00e9rence de presse mensuelle ce mardi, Dominique de Villepin a mani\u00e9 l&rsquo;ironie en \u00e9voquant, sans le nommer pr\u00e9cis\u00e9ment, le projet de Nicolas Sarkozy.<\/p>\n<p>Cr\u00e9\u00e9 par ordonnance par Dominique de Villepin d\u00e8s son arriv\u00e9e \u00e0 Matignon l&rsquo;\u00e9t\u00e9 2005, le CNE, r\u00e9serv\u00e9 aux entreprises de vingt salari\u00e9s au plus, permet \u00e0 l&#8217;employeur de se s\u00e9parer de son salari\u00e9 pendant les deux premi\u00e8res ann\u00e9es du contrat, sans justifier d&rsquo;un motif de licenciement.<\/p>\n<p>La semaine derni\u00e8re, le candidat UMP \u00e0 la pr\u00e9sidentielle a affirm\u00e9 que le contrat de travail unique qu&rsquo;il pr\u00e9conise devait \u00ab\u00a0s&rsquo;inspirer\u00a0\u00bb du CNE.<\/p>\n<p>Fanch<\/p>\n","protected":false},"excerpt":{"rendered":"<p>L&rsquo;ouverture de la campagne \u00e9lectorale ne signe pas l&rsquo;armistice entre Dominique de Villepin et Nicolas Sarkozy. Un nouveau th\u00e8me d&rsquo;affrontement divise aujourd&rsquo;hui le Premier ministre et le candidat UMP \u00e0 la pr\u00e9sidentielle : la r\u00e9forme du contrat de travail. Sur le fond du dossier, toute la droite se retrouve pour pr\u00f4ner un assouplissement du droit [&hellip;]<\/p>\n","protected":false},"author":1,"featured_media":0,"comment_status":"closed","ping_status":"open","sticky":false,"template":"","format":"standard","meta":{"_citadela_custom_class":"","footnotes":""},"categories":[17],"tags":[],"class_list":["post-7039","post","type-post","status-publish","format-standard","hentry","category-economia"],"_links":{"self":[{"href":"https:\/\/destinationcyber.com\/index.php?rest_route=\/wp\/v2\/posts\/7039","targetHints":{"allow":["GET"]}}],"collection":[{"href":"https:\/\/destinationcyber.com\/index.php?rest_route=\/wp\/v2\/posts"}],"about":[{"href":"https:\/\/destinationcyber.com\/index.php?rest_route=\/wp\/v2\/types\/post"}],"author":[{"embeddable":true,"href":"https:\/\/destinationcyber.com\/index.php?rest_route=\/wp\/v2\/users\/1"}],"replies":[{"embeddable":true,"href":"https:\/\/destinationcyber.com\/index.php?rest_route=%2Fwp%2Fv2%2Fcomments&post=7039"}],"version-history":[{"count":0,"href":"https:\/\/destinationcyber.com\/index.php?rest_route=\/wp\/v2\/posts\/7039\/revisions"}],"wp:attachment":[{"href":"https:\/\/destinationcyber.com\/index.php?rest_route=%2Fwp%2Fv2%2Fmedia&parent=7039"}],"wp:term":[{"taxonomy":"category","embeddable":true,"href":"https:\/\/destinationcyber.com\/index.php?rest_route=%2Fwp%2Fv2%2Fcategories&post=7039"},{"taxonomy":"post_tag","embeddable":true,"href":"https:\/\/destinationcyber.com\/index.php?rest_route=%2Fwp%2Fv2%2Ftags&post=7039"}],"curies":[{"name":"wp","href":"https:\/\/api.w.org\/{rel}","templated":true}]}}