{"id":7027,"date":"2007-01-30T09:39:14","date_gmt":"2007-01-30T08:39:14","guid":{"rendered":"https:\/\/destinationcyber.com\/?p=7027"},"modified":"2007-01-30T09:39:14","modified_gmt":"2007-01-30T08:39:14","slug":"le-droit-opposable-au-logement-en-debat-au-parlement","status":"publish","type":"post","link":"https:\/\/destinationcyber.com\/?p=7027","title":{"rendered":"Le droit opposable au logement en d\u00e9bat au Parlement"},"content":{"rendered":"<p>Le S\u00e9nat commence \u00e0 d\u00e9battre mardi de ce projet de loi \u00e9labor\u00e9 en urgence sous la pression des associations.<\/p>\n<p>Le texte pr\u00e9voit la mise en oeuvre progressive, \u00e0 partir de fin d\u00e9cembre 2008, de recours amiable et contentieux pour \u00ab\u00a0toute personne qui, r\u00e9sidant sur le territoire fran\u00e7ais de fa\u00e7on r\u00e9guli\u00e8re et stable\u00a0\u00bb, ne parvient pas se loger \u00ab\u00a0par ses propres moyens\u00a0\u00bb.<\/p>\n<p>Le droit opposable au logement, qui consiste \u00e0 rendre possible le recours en justice pour le mettre en oeuvre, est r\u00e9clam\u00e9 depuis quatre ans par le Haut comit\u00e9 pour le logement des personnes d\u00e9favoris\u00e9es.<\/p>\n<p>Discut\u00e9 \u00e0 partir de mardi par les s\u00e9nateurs, le projet de loi visant \u00e0 garantir le droit au logement en France n&rsquo;aura pourtant pas d&rsquo;effets imm\u00e9diats: sa mis en oeuvre effective se fera entre le 1er d\u00e9cembre 2008 et le 1er janvier 2012.<\/p>\n<p>La garantie du droit au logement que s&rsquo;appr\u00eatent \u00e0 mettre en oeuvre les pouvoirs publics s&rsquo;adresse \u00e0 \u00ab\u00a0toute personne qui, r\u00e9sidant sur le territoire fran\u00e7ais de fa\u00e7on r\u00e9guli\u00e8re et stable n&rsquo;est pas en mesure d&rsquo;acc\u00e9der par ses propres moyens \u00e0 un logement d\u00e9cent et ind\u00e9pendant ou de s&rsquo;y maintenir\u00a0\u00bb, affirme le texte du gouvernement.<\/p>\n<p>Le recours devant une commission de m\u00e9diation sera examin\u00e9 pour toute personne \u00e9ligible au logement social mais dont la demande est rest\u00e9e en souffrance.<\/p>\n<p>La loi d\u00e9finit des cat\u00e9gories de personnes jug\u00e9es prioritaires.<\/p>\n<p>Ainsi la commission de m\u00e9diation, cr\u00e9\u00e9e au niveau d\u00e9partemental, examine \u00ab\u00a0sans condition de d\u00e9lai\u00a0\u00bb tout recours provenant de personnes sans abri, menac\u00e9es d&rsquo;expulsion ou mal log\u00e9es, en particulier lorsqu&rsquo;elles ont des enfants mineurs.<\/p>\n<p>Cette commission aura un r\u00f4le de \u00ab\u00a0filtre\u00a0\u00bb fondamental: elle d\u00e9cidera qui, parmi les demandeurs, est jug\u00e9 \u00ab\u00a0prioritaire\u00a0\u00bb pour l&rsquo;acc\u00e8s \u00e0 un logement et doit s&rsquo;en voir proposer un en \u00ab\u00a0urgence\u00a0\u00bb.<\/p>\n<p>La commission de m\u00e9diation dispose d&rsquo;un pouvoir \u00e9norme dans la garantie du droit au logement tel qu&rsquo;il est expos\u00e9 dans le projet de loi.<\/p>\n<p>Pour le groupe PS au S\u00e9nat, \u00ab\u00a0ce texte est un boniment (qui) ne sert qu&rsquo;\u00e0 modifier les priorit\u00e9s de la liste d&rsquo;attente\u00a0\u00bb.<\/p>\n<p>Fanch<\/p>\n","protected":false},"excerpt":{"rendered":"<p>Le S\u00e9nat commence \u00e0 d\u00e9battre mardi de ce projet de loi \u00e9labor\u00e9 en urgence sous la pression des associations. Le texte pr\u00e9voit la mise en oeuvre progressive, \u00e0 partir de fin d\u00e9cembre 2008, de recours amiable et contentieux pour \u00ab\u00a0toute personne qui, r\u00e9sidant sur le territoire fran\u00e7ais de fa\u00e7on r\u00e9guli\u00e8re et stable\u00a0\u00bb, ne parvient pas [&hellip;]<\/p>\n","protected":false},"author":1,"featured_media":0,"comment_status":"closed","ping_status":"open","sticky":false,"template":"","format":"standard","meta":{"_citadela_custom_class":"","footnotes":""},"categories":[19],"tags":[],"class_list":["post-7027","post","type-post","status-publish","format-standard","hentry","category-e-droit"],"_links":{"self":[{"href":"https:\/\/destinationcyber.com\/index.php?rest_route=\/wp\/v2\/posts\/7027","targetHints":{"allow":["GET"]}}],"collection":[{"href":"https:\/\/destinationcyber.com\/index.php?rest_route=\/wp\/v2\/posts"}],"about":[{"href":"https:\/\/destinationcyber.com\/index.php?rest_route=\/wp\/v2\/types\/post"}],"author":[{"embeddable":true,"href":"https:\/\/destinationcyber.com\/index.php?rest_route=\/wp\/v2\/users\/1"}],"replies":[{"embeddable":true,"href":"https:\/\/destinationcyber.com\/index.php?rest_route=%2Fwp%2Fv2%2Fcomments&post=7027"}],"version-history":[{"count":0,"href":"https:\/\/destinationcyber.com\/index.php?rest_route=\/wp\/v2\/posts\/7027\/revisions"}],"wp:attachment":[{"href":"https:\/\/destinationcyber.com\/index.php?rest_route=%2Fwp%2Fv2%2Fmedia&parent=7027"}],"wp:term":[{"taxonomy":"category","embeddable":true,"href":"https:\/\/destinationcyber.com\/index.php?rest_route=%2Fwp%2Fv2%2Fcategories&post=7027"},{"taxonomy":"post_tag","embeddable":true,"href":"https:\/\/destinationcyber.com\/index.php?rest_route=%2Fwp%2Fv2%2Ftags&post=7027"}],"curies":[{"name":"wp","href":"https:\/\/api.w.org\/{rel}","templated":true}]}}