{"id":7015,"date":"2007-01-26T12:48:40","date_gmt":"2007-01-26T11:48:40","guid":{"rendered":"https:\/\/destinationcyber.com\/?p=7015"},"modified":"2007-01-26T12:48:40","modified_gmt":"2007-01-26T11:48:40","slug":"59-des-francais-estiment-que-leur-pouvoir-dachat-a-baisse","status":"publish","type":"post","link":"https:\/\/destinationcyber.com\/?p=7015","title":{"rendered":"59% des Fran\u00e7ais estiment que leur pouvoir d&rsquo;achat a baiss\u00e9"},"content":{"rendered":"<p>Six Fran\u00e7ais sur dix (59%) jugent que leur pouvoir d&rsquo;achat a diminu\u00e9 au cours des douze derniers mois et 57% consid\u00e8rent qu&rsquo;une baisse de la TVA pourrait l&rsquo;am\u00e9liorer, selon un sondage Ifop pour \u00ab\u00a0Acteurs Publics\u00a0\u00bb et le quotidien gratuit \u00ab\u00a0M\u00e9tro\u00a0\u00bb, rendu public vendredi.<\/p>\n<p>Aux yeux de 36% des sond\u00e9s, Nicolas Sarkozy serait le candidat \u00e0 la pr\u00e9sidentielle qui pourrait am\u00e9liorer la situation, devant la socialiste S\u00e9gol\u00e8ne Royal (28%), l&rsquo;UDF Fran\u00e7ois Bayrou (10%) et le porte-parole de la LCR Olivier Besancenot (7%).<\/p>\n<p>Parmi les solutions envisag\u00e9es pour am\u00e9liorer ce pouvoir d&rsquo;achat, 57% des personnes interrog\u00e9es \u00e9voquent une baisse de la TVA, suivie de la r\u00e9duction de la fiscalit\u00e9 sur les carburants (43%), une augmentation significative du Smic horaire (36%) et une nouvelle baisse de l&rsquo;imp\u00f4t sur le revenu (33%).<\/p>\n<p>&#8211; sondage r\u00e9alis\u00e9 le 15 janvier aupr\u00e8s d&rsquo;un \u00e9chantillon de 963 personnes, repr\u00e9sentatif de la population fran\u00e7aise, \u00e2g\u00e9e de 18 ans et plus, selon la m\u00e9thode des quotas.<\/p>\n<p>Fanch<\/p>\n","protected":false},"excerpt":{"rendered":"<p>Six Fran\u00e7ais sur dix (59%) jugent que leur pouvoir d&rsquo;achat a diminu\u00e9 au cours des douze derniers mois et 57% consid\u00e8rent qu&rsquo;une baisse de la TVA pourrait l&rsquo;am\u00e9liorer, selon un sondage Ifop pour \u00ab\u00a0Acteurs Publics\u00a0\u00bb et le quotidien gratuit \u00ab\u00a0M\u00e9tro\u00a0\u00bb, rendu public vendredi. Aux yeux de 36% des sond\u00e9s, Nicolas Sarkozy serait le candidat \u00e0 [&hellip;]<\/p>\n","protected":false},"author":1,"featured_media":0,"comment_status":"closed","ping_status":"open","sticky":false,"template":"","format":"standard","meta":{"_citadela_custom_class":"","footnotes":""},"categories":[17],"tags":[],"class_list":["post-7015","post","type-post","status-publish","format-standard","hentry","category-economia"],"_links":{"self":[{"href":"https:\/\/destinationcyber.com\/index.php?rest_route=\/wp\/v2\/posts\/7015","targetHints":{"allow":["GET"]}}],"collection":[{"href":"https:\/\/destinationcyber.com\/index.php?rest_route=\/wp\/v2\/posts"}],"about":[{"href":"https:\/\/destinationcyber.com\/index.php?rest_route=\/wp\/v2\/types\/post"}],"author":[{"embeddable":true,"href":"https:\/\/destinationcyber.com\/index.php?rest_route=\/wp\/v2\/users\/1"}],"replies":[{"embeddable":true,"href":"https:\/\/destinationcyber.com\/index.php?rest_route=%2Fwp%2Fv2%2Fcomments&post=7015"}],"version-history":[{"count":0,"href":"https:\/\/destinationcyber.com\/index.php?rest_route=\/wp\/v2\/posts\/7015\/revisions"}],"wp:attachment":[{"href":"https:\/\/destinationcyber.com\/index.php?rest_route=%2Fwp%2Fv2%2Fmedia&parent=7015"}],"wp:term":[{"taxonomy":"category","embeddable":true,"href":"https:\/\/destinationcyber.com\/index.php?rest_route=%2Fwp%2Fv2%2Fcategories&post=7015"},{"taxonomy":"post_tag","embeddable":true,"href":"https:\/\/destinationcyber.com\/index.php?rest_route=%2Fwp%2Fv2%2Ftags&post=7015"}],"curies":[{"name":"wp","href":"https:\/\/api.w.org\/{rel}","templated":true}]}}