{"id":7014,"date":"2007-01-26T12:43:58","date_gmt":"2007-01-26T11:43:58","guid":{"rendered":"https:\/\/destinationcyber.com\/?p=7014"},"modified":"2007-01-26T12:43:58","modified_gmt":"2007-01-26T11:43:58","slug":"pour-la-presidente-du-medef-il-faut-faire-reculer-le-droit-du-travail-en-france","status":"publish","type":"post","link":"https:\/\/destinationcyber.com\/?p=7014","title":{"rendered":"Pour la pr\u00e9sidente DU MEDEF, il faut faire reculer le droit du travail en France"},"content":{"rendered":"<p>La pr\u00e9sidente du Mouvement des entreprises de France a d\u00e9voil\u00e9 jeudi devant 6.000 patrons r\u00e9unis \u00e0 Paris-Bercy ses revendications destin\u00e9es aux candidats \u00e0 l&rsquo;\u00e9lection pr\u00e9sidentielle.<\/p>\n<p>Rien de tr\u00e8s original: Laurence Parisot souhaite moins de droit du travail, la p\u00e9rennisation des all\u00e8gements de charges sociales et la suppression du financement par les employeurs de la branche famille de la S\u00e9cu.<\/p>\n<p>Renvoyant dos \u00e0 dos \u00ab\u00a0d\u00e9clinologues et d\u00e9magogues\u00a0\u00bb, elle a estim\u00e9 que \u00ab\u00a0rien n&rsquo;est foutu\u00a0\u00bb lors de l&rsquo;assembl\u00e9e g\u00e9n\u00e9rale annuelle de l&rsquo;organisation, \u00e0 condition que le futur pr\u00e9sident de la R\u00e9publique donne \u00ab\u00a0un peu plus de libert\u00e9 et un peu plus d&rsquo;air\u00a0\u00bb aux patrons fran\u00e7ais.<\/p>\n<p>\u00ab\u00a0Tout cela oppresse et opprime\u00a0\u00bb les entreprises fran\u00e7aises, d\u00e9plore la pr\u00e9sidente du Medef.<\/p>\n<p>Elle a donc fait part, au nom des patrons, de ses revendications, lesquelles sont dans la tradition de la principale organisation patronale.<\/p>\n<p>D&rsquo;abord, il faut faire reculer le droit du travail en France.<\/p>\n<p>La l\u00e9gislation sur l&#8217;emploi doit diminuer aussi: la pr\u00e9sidente du Medef plaide pour \u00ab\u00a0une s\u00e9parabilit\u00e9 \u00e0 l&rsquo;amiable\u00a0\u00bb entre employeur et salari\u00e9, soulignant \u00e0 l&rsquo;occasion \u00ab\u00a0le succ\u00e8s du CNE\u00a0\u00bb.<\/p>\n<p>Laurence Parisot pouvait difficilement r\u00e9clamer jeudi davantage d&rsquo;aides aux entreprises au lendemain de la publication d&rsquo;un rapport r\u00e9v\u00e9lant que 65 milliards d&rsquo;euros d&rsquo;aides publiques leur sont vers\u00e9es chaque ann\u00e9e.<\/p>\n<p>Fanch<\/p>\n","protected":false},"excerpt":{"rendered":"<p>La pr\u00e9sidente du Mouvement des entreprises de France a d\u00e9voil\u00e9 jeudi devant 6.000 patrons r\u00e9unis \u00e0 Paris-Bercy ses revendications destin\u00e9es aux candidats \u00e0 l&rsquo;\u00e9lection pr\u00e9sidentielle. Rien de tr\u00e8s original: Laurence Parisot souhaite moins de droit du travail, la p\u00e9rennisation des all\u00e8gements de charges sociales et la suppression du financement par les employeurs de la branche [&hellip;]<\/p>\n","protected":false},"author":1,"featured_media":0,"comment_status":"closed","ping_status":"open","sticky":false,"template":"","format":"standard","meta":{"_citadela_custom_class":"","footnotes":""},"categories":[15],"tags":[],"class_list":["post-7014","post","type-post","status-publish","format-standard","hentry","category-securite"],"_links":{"self":[{"href":"https:\/\/destinationcyber.com\/index.php?rest_route=\/wp\/v2\/posts\/7014","targetHints":{"allow":["GET"]}}],"collection":[{"href":"https:\/\/destinationcyber.com\/index.php?rest_route=\/wp\/v2\/posts"}],"about":[{"href":"https:\/\/destinationcyber.com\/index.php?rest_route=\/wp\/v2\/types\/post"}],"author":[{"embeddable":true,"href":"https:\/\/destinationcyber.com\/index.php?rest_route=\/wp\/v2\/users\/1"}],"replies":[{"embeddable":true,"href":"https:\/\/destinationcyber.com\/index.php?rest_route=%2Fwp%2Fv2%2Fcomments&post=7014"}],"version-history":[{"count":0,"href":"https:\/\/destinationcyber.com\/index.php?rest_route=\/wp\/v2\/posts\/7014\/revisions"}],"wp:attachment":[{"href":"https:\/\/destinationcyber.com\/index.php?rest_route=%2Fwp%2Fv2%2Fmedia&parent=7014"}],"wp:term":[{"taxonomy":"category","embeddable":true,"href":"https:\/\/destinationcyber.com\/index.php?rest_route=%2Fwp%2Fv2%2Fcategories&post=7014"},{"taxonomy":"post_tag","embeddable":true,"href":"https:\/\/destinationcyber.com\/index.php?rest_route=%2Fwp%2Fv2%2Ftags&post=7014"}],"curies":[{"name":"wp","href":"https:\/\/api.w.org\/{rel}","templated":true}]}}