{"id":7009,"date":"2007-01-25T17:48:10","date_gmt":"2007-01-25T16:48:10","guid":{"rendered":"https:\/\/destinationcyber.com\/?p=7009"},"modified":"2007-01-25T17:48:10","modified_gmt":"2007-01-25T16:48:10","slug":"les-barons-des-entreprises-ont-besoin-dair","status":"publish","type":"post","link":"https:\/\/destinationcyber.com\/?p=7009","title":{"rendered":"Les barons des entreprises ont besoin d&rsquo;air"},"content":{"rendered":"<p>La France a juste besoin d \u00ab\u00a0un peu plus de libert\u00e9, un peu plus d&rsquo;air\u00a0\u00bb.<\/p>\n<p>Ces propos ont \u00e9t\u00e9 tenus par la pr\u00e9sidente du Medef, Laurence Parisot, devant 6.000 patrons r\u00e9unis au Palais omnisports de Bercy pour l&rsquo;assembl\u00e9e g\u00e9n\u00e9rale de l&rsquo;organisation patronale.<\/p>\n<p>Lors de cette AG, le Medef a d\u00e9voil\u00e9 un Livre blanc qui pr\u00e9sente son projet de soci\u00e9t\u00e9 \u00e0 trois mois des \u00e9lections pr\u00e9sidentielles avec pour objectif \u00ab\u00a0d&rsquo;augmenter la richesse de tous les Fran\u00e7ais\u00a0\u00bb.<\/p>\n<p>L&rsquo;ouvrage, intitul\u00e9 \u00ab\u00a0Besoin d&rsquo;air\u00a0\u00bb, est disponible en librairie au prix de 15 euros.<\/p>\n<p>R\u00e9dig\u00e9 \u00e0 partir des contributions de pr\u00e8s de 50.000 chefs d&rsquo;entreprise, le texte part du constat que la France \u00ab\u00a0s&rsquo;asphyxie\u00a0\u00bb et que les entreprises \u00ab\u00a0\u00e9touffent\u00a0\u00bb sous le poids des charges des contraintes r\u00e9glementaires.<\/p>\n<p>\u00ab\u00a0Il suffit de changer quelques param\u00e8tres : un peu plus de libert\u00e9, un peu plus d&rsquo;air et tout ira mieux tout de suite en France.<\/p>\n<p>Invitant les candidats \u00e0 l&rsquo;\u00e9lection pr\u00e9sidentielle \u00e0 pr\u00e9senter \u00ab\u00a0une vraie strat\u00e9gie \u00e9conomique\u00a0\u00bb, elle leur a livr\u00e9 quelques conseils, estimant qu \u00ab\u00a0il ne doit pas y avoir d&rsquo;autre priorit\u00e9 \u00e9conomique et sociale que la r\u00e9duction rapide et significative du ch\u00f4mage\u00a0\u00bb.<\/p>\n<p>Implicitement, elle s&rsquo;en est pris \u00e0 certaines propositions du projet du PS pour 2007 critiquant, par exemple, une \u00e9ventuelle augmentation du Smic \u00ab\u00a0sans aucun lien ni avec les gains de productivit\u00e9, ni avec l&rsquo;inflation\u00a0\u00bb, ou l&rsquo;abrogation de la loi de 2003 sur les retraites.<\/p>\n<p>Le patronat propose par ailleurs d&rsquo;inscrire dans le pr\u00e9ambule de la Constitution une \u00ab\u00a0charte des droits du contribuable\u00a0\u00bb qui poserait les principes du \u00ab\u00a0droit \u00e0 une fiscalit\u00e9 non confiscatoire, non r\u00e9troactive et non cumulative\u00a0\u00bb.<\/p>\n<p>Dans la pr\u00e9face, Laurence Parisot affirme une nouvelle fois que \u00ab\u00a0le temps de travail ne peut se d\u00e9cr\u00e9ter uniform\u00e9ment\u00a0\u00bb et qu&rsquo;il serait \u00ab\u00a0plus efficace \u00e9conomiquement et plus respectueux socialement\u00a0\u00bb que la dur\u00e9e du travail ne soit d\u00e9finie par des accords entre patronat et syndicat et non plus par la loi.<\/p>\n<p>Le Medef demande une nouvelle fois de \u00ab\u00a0d\u00e9dramatiser les modalit\u00e9s de licenciement\u00a0\u00bb en \u00e9tablissant le principe de la \u00ab\u00a0s\u00e9parabilit\u00e9\u00a0\u00bb qu&rsquo;il compare au divorce \u00e0 l&rsquo;amiable.<\/p>\n<p>Fanch<\/p>\n","protected":false},"excerpt":{"rendered":"<p>La France a juste besoin d \u00ab\u00a0un peu plus de libert\u00e9, un peu plus d&rsquo;air\u00a0\u00bb. Ces propos ont \u00e9t\u00e9 tenus par la pr\u00e9sidente du Medef, Laurence Parisot, devant 6.000 patrons r\u00e9unis au Palais omnisports de Bercy pour l&rsquo;assembl\u00e9e g\u00e9n\u00e9rale de l&rsquo;organisation patronale. Lors de cette AG, le Medef a d\u00e9voil\u00e9 un Livre blanc qui pr\u00e9sente [&hellip;]<\/p>\n","protected":false},"author":1,"featured_media":0,"comment_status":"closed","ping_status":"open","sticky":false,"template":"","format":"standard","meta":{"_citadela_custom_class":"","footnotes":""},"categories":[17],"tags":[],"class_list":["post-7009","post","type-post","status-publish","format-standard","hentry","category-economia"],"_links":{"self":[{"href":"https:\/\/destinationcyber.com\/index.php?rest_route=\/wp\/v2\/posts\/7009","targetHints":{"allow":["GET"]}}],"collection":[{"href":"https:\/\/destinationcyber.com\/index.php?rest_route=\/wp\/v2\/posts"}],"about":[{"href":"https:\/\/destinationcyber.com\/index.php?rest_route=\/wp\/v2\/types\/post"}],"author":[{"embeddable":true,"href":"https:\/\/destinationcyber.com\/index.php?rest_route=\/wp\/v2\/users\/1"}],"replies":[{"embeddable":true,"href":"https:\/\/destinationcyber.com\/index.php?rest_route=%2Fwp%2Fv2%2Fcomments&post=7009"}],"version-history":[{"count":0,"href":"https:\/\/destinationcyber.com\/index.php?rest_route=\/wp\/v2\/posts\/7009\/revisions"}],"wp:attachment":[{"href":"https:\/\/destinationcyber.com\/index.php?rest_route=%2Fwp%2Fv2%2Fmedia&parent=7009"}],"wp:term":[{"taxonomy":"category","embeddable":true,"href":"https:\/\/destinationcyber.com\/index.php?rest_route=%2Fwp%2Fv2%2Fcategories&post=7009"},{"taxonomy":"post_tag","embeddable":true,"href":"https:\/\/destinationcyber.com\/index.php?rest_route=%2Fwp%2Fv2%2Ftags&post=7009"}],"curies":[{"name":"wp","href":"https:\/\/api.w.org\/{rel}","templated":true}]}}