{"id":6984,"date":"2007-01-22T12:28:17","date_gmt":"2007-01-22T11:28:17","guid":{"rendered":"https:\/\/destinationcyber.com\/?p=6984"},"modified":"2007-01-22T12:28:17","modified_gmt":"2007-01-22T11:28:17","slug":"labbe-pierre-est-decede-ce-matin-le-22-janvier-2007-a-lage-de-94-ans","status":"publish","type":"post","link":"https:\/\/destinationcyber.com\/?p=6984","title":{"rendered":"L&rsquo;abb\u00e9 Pierre est d\u00e9c\u00e9d\u00e9 ce matin, le 22 janvier 2007 \u00e0 l&rsquo;\u00e2ge de 94 ans."},"content":{"rendered":"<p>L&rsquo;abb\u00e9 Pierre, fondateur des compagnons d&rsquo;Emma\u00fcs, r\u00e9sistant et ancien d\u00e9put\u00e9, est d\u00e9c\u00e9d\u00e9 lundi \u00e0 05h25 \u00e0 l&rsquo;\u00e2ge de 94 ans \u00e0 l&rsquo;h\u00f4pital parisien du Val-de-Gr\u00e2ce o\u00f9 il \u00e9tait hospitalis\u00e9 depuis une semaine, a annonc\u00e9 \u00e0 l&rsquo;Agence France Presse (AFP) le pr\u00e9sident d&rsquo;Emma\u00fcs France, Martin Hirsch.<\/p>\n<p>L&rsquo;abb\u00e9 Pierre, de son vrai nom Henri Grou\u00e8s, \u00e9tait hospitalis\u00e9 depuis le 14 janvier.<\/p>\n<p>Il avait fond\u00e9 la premi\u00e8re communaut\u00e9 Emma\u00fcs en 1949.<\/p>\n<p>Ce dernier \u00ab\u00a0nous a montr\u00e9 la voie de la g\u00e9n\u00e9rosit\u00e9 individuelle et collective\u00a0\u00bb, \u00ab\u00a0il manquera \u00e0 tous les Fran\u00e7ais\u00a0\u00bb, a pour sa part d\u00e9clar\u00e9 le Premier ministre Dominique de Villepin dans un communiqu\u00e9, saluant \u00ab\u00a0la m\u00e9moire d&rsquo;un homme de coeur et d&rsquo;engagement, qui a montr\u00e9 \u00e0 tous le chemin vers les plus d\u00e9munis\u00a0\u00bb.<\/p>\n<p>Pour le directeur des centres Emma\u00fcs, Xavier Vendraume, \u00ab\u00a0il restera une oeuvre consid\u00e9rable\u00a0\u00bb car l&rsquo;abb\u00e9 Pierre \u00ab\u00a0a certainement invent\u00e9 une nouvelle formule de fraternit\u00e9, de solidarit\u00e9 dans nos soci\u00e9t\u00e9s abondantes.<\/p>\n<p>Fanch<\/p>\n","protected":false},"excerpt":{"rendered":"<p>L&rsquo;abb\u00e9 Pierre, fondateur des compagnons d&rsquo;Emma\u00fcs, r\u00e9sistant et ancien d\u00e9put\u00e9, est d\u00e9c\u00e9d\u00e9 lundi \u00e0 05h25 \u00e0 l&rsquo;\u00e2ge de 94 ans \u00e0 l&rsquo;h\u00f4pital parisien du Val-de-Gr\u00e2ce o\u00f9 il \u00e9tait hospitalis\u00e9 depuis une semaine, a annonc\u00e9 \u00e0 l&rsquo;Agence France Presse (AFP) le pr\u00e9sident d&rsquo;Emma\u00fcs France, Martin Hirsch. L&rsquo;abb\u00e9 Pierre, de son vrai nom Henri Grou\u00e8s, \u00e9tait hospitalis\u00e9 [&hellip;]<\/p>\n","protected":false},"author":1,"featured_media":0,"comment_status":"closed","ping_status":"open","sticky":false,"template":"","format":"standard","meta":{"_citadela_custom_class":"","footnotes":""},"categories":[15],"tags":[],"class_list":["post-6984","post","type-post","status-publish","format-standard","hentry","category-securite"],"_links":{"self":[{"href":"https:\/\/destinationcyber.com\/index.php?rest_route=\/wp\/v2\/posts\/6984","targetHints":{"allow":["GET"]}}],"collection":[{"href":"https:\/\/destinationcyber.com\/index.php?rest_route=\/wp\/v2\/posts"}],"about":[{"href":"https:\/\/destinationcyber.com\/index.php?rest_route=\/wp\/v2\/types\/post"}],"author":[{"embeddable":true,"href":"https:\/\/destinationcyber.com\/index.php?rest_route=\/wp\/v2\/users\/1"}],"replies":[{"embeddable":true,"href":"https:\/\/destinationcyber.com\/index.php?rest_route=%2Fwp%2Fv2%2Fcomments&post=6984"}],"version-history":[{"count":0,"href":"https:\/\/destinationcyber.com\/index.php?rest_route=\/wp\/v2\/posts\/6984\/revisions"}],"wp:attachment":[{"href":"https:\/\/destinationcyber.com\/index.php?rest_route=%2Fwp%2Fv2%2Fmedia&parent=6984"}],"wp:term":[{"taxonomy":"category","embeddable":true,"href":"https:\/\/destinationcyber.com\/index.php?rest_route=%2Fwp%2Fv2%2Fcategories&post=6984"},{"taxonomy":"post_tag","embeddable":true,"href":"https:\/\/destinationcyber.com\/index.php?rest_route=%2Fwp%2Fv2%2Ftags&post=6984"}],"curies":[{"name":"wp","href":"https:\/\/api.w.org\/{rel}","templated":true}]}}