{"id":6963,"date":"2007-01-16T12:51:25","date_gmt":"2007-01-16T11:51:25","guid":{"rendered":"https:\/\/destinationcyber.com\/?p=6963"},"modified":"2007-01-16T12:51:25","modified_gmt":"2007-01-16T11:51:25","slug":"la-reforme-du-statut-penal-du-chef-de-letat-qui-est-examinee-ce-mardi-a-lassemblee","status":"publish","type":"post","link":"https:\/\/destinationcyber.com\/?p=6963","title":{"rendered":"La r\u00e9forme du statut p\u00e9nal du chef de l&rsquo;Etat, qui est examin\u00e9e ce mardi \u00e0 l&rsquo;Assembl\u00e9e"},"content":{"rendered":"<p>La r\u00e9forme du statut p\u00e9nal du chef de l&rsquo;Etat, qui est examin\u00e9e mardi \u00e0 l&rsquo;Assembl\u00e9e, a fait l&rsquo;objet d&rsquo;un consensus entre l&rsquo;UMP et le PS sur une version amend\u00e9e pour \u00e9viter les \u00ab\u00a0coups politiques\u00a0\u00bb sans toutefois parvenir \u00e0 \u00e9teindre toutes les critiques \u00e0 l&rsquo;UMP et \u00e0 l&rsquo;UDF.<\/p>\n<p>Au fil des r\u00e9unions, la plupart des d\u00e9put\u00e9s se sont finalement accommod\u00e9s de cette r\u00e9forme, d\u00e9cri\u00e9e au d\u00e9part surtout \u00e0 l&rsquo;UMP et arrivant \u00e0 la veille des \u00e9ch\u00e9ances \u00e9lectorales, alors qu&rsquo;un texte traduisant cette promesse de Jacques Chirac en 2002 a \u00e9t\u00e9 ent\u00e9rin\u00e9 en Conseil des ministre d\u00e8s 2003.<\/p>\n<p>La r\u00e9forme comporte un volet juridique confirmant l&rsquo;immunit\u00e9 temporaire du pr\u00e9sident pendant son mandat et un autre politique instaurant une proc\u00e9dure de destitution \u00ab\u00a0en cas de manquement \u00e0 ses devoirs manifestement incomptatibles avec l&rsquo;exercice de son mandat\u00a0\u00bb.<\/p>\n<p>C&rsquo;est ce deuxi\u00e8me volet qui a \u00e9t\u00e9 le plus discut\u00e9 par les d\u00e9put\u00e9s inquiets, comme Bernard Accoyer (UMP), que la destitution soit \u00ab\u00a0engag\u00e9e \u00e0 mauvais escient pour des raisons politiques, remettant en cause l&rsquo;\u00e9quililibre et la stabilit\u00e9 des institutions\u00a0\u00bb.<\/p>\n<p>Pour que la destitution \u00ab\u00a0entre dans le domaine de l&rsquo;indiscutable\u00a0\u00bb, selon le rapporteur Phillipe Houillon (UMP), d\u00e9put\u00e9s UMP et PS ont voulu renforcer la majorit\u00e9 requise dans une assembl\u00e9e pour entamer la proc\u00e9dure de destitution et \u00e0 la Haute Cour pour la prononcer.<\/p>\n<p>La commission des Lois a d\u00e9j\u00e0 port\u00e9 la majorit\u00e9 aux 3\/5e (60%) mais Andr\u00e9 Vallini (PS) a d\u00e9pos\u00e9 un amendement la relevant aux 2\/3 (66%), ce que souhaite aussi l&rsquo;UMP.<\/p>\n<p>M. Houillon s&rsquo;est dit \u00ab\u00a0pr\u00eat \u00e0 voter l&rsquo;amendement socialiste\u00a0\u00bb, offrant ainsi une image consensuelle, que les deux hommes et leurs groupes appellent de leur voeux, \u00e0 une r\u00e9forme aussi symbolique.<\/p>\n<p>Au final, selon lui, \u00ab\u00a0on aboutit \u00e0 un \u00e9quilibre global\u00a0\u00bb.<\/p>\n<p>Mais un petit groupe d&rsquo;irr\u00e9ductibles r\u00e9siste encore \u00e0 l&rsquo;UMP, comme Edouard Balladur, Claude Goasguen ou Louis Giscard d&rsquo;Estaing qui compte d\u00e9fendre un amendement pour emp\u00eacher toute r\u00e9vision constitutionnelle six mois avant une \u00e9lection pr\u00e9sidentielle.<\/p>\n<p>Fanch<\/p>\n","protected":false},"excerpt":{"rendered":"<p>La r\u00e9forme du statut p\u00e9nal du chef de l&rsquo;Etat, qui est examin\u00e9e mardi \u00e0 l&rsquo;Assembl\u00e9e, a fait l&rsquo;objet d&rsquo;un consensus entre l&rsquo;UMP et le PS sur une version amend\u00e9e pour \u00e9viter les \u00ab\u00a0coups politiques\u00a0\u00bb sans toutefois parvenir \u00e0 \u00e9teindre toutes les critiques \u00e0 l&rsquo;UMP et \u00e0 l&rsquo;UDF. Au fil des r\u00e9unions, la plupart des d\u00e9put\u00e9s [&hellip;]<\/p>\n","protected":false},"author":1,"featured_media":0,"comment_status":"closed","ping_status":"open","sticky":false,"template":"","format":"standard","meta":{"_citadela_custom_class":"","footnotes":""},"categories":[19],"tags":[],"class_list":["post-6963","post","type-post","status-publish","format-standard","hentry","category-e-droit"],"_links":{"self":[{"href":"https:\/\/destinationcyber.com\/index.php?rest_route=\/wp\/v2\/posts\/6963","targetHints":{"allow":["GET"]}}],"collection":[{"href":"https:\/\/destinationcyber.com\/index.php?rest_route=\/wp\/v2\/posts"}],"about":[{"href":"https:\/\/destinationcyber.com\/index.php?rest_route=\/wp\/v2\/types\/post"}],"author":[{"embeddable":true,"href":"https:\/\/destinationcyber.com\/index.php?rest_route=\/wp\/v2\/users\/1"}],"replies":[{"embeddable":true,"href":"https:\/\/destinationcyber.com\/index.php?rest_route=%2Fwp%2Fv2%2Fcomments&post=6963"}],"version-history":[{"count":0,"href":"https:\/\/destinationcyber.com\/index.php?rest_route=\/wp\/v2\/posts\/6963\/revisions"}],"wp:attachment":[{"href":"https:\/\/destinationcyber.com\/index.php?rest_route=%2Fwp%2Fv2%2Fmedia&parent=6963"}],"wp:term":[{"taxonomy":"category","embeddable":true,"href":"https:\/\/destinationcyber.com\/index.php?rest_route=%2Fwp%2Fv2%2Fcategories&post=6963"},{"taxonomy":"post_tag","embeddable":true,"href":"https:\/\/destinationcyber.com\/index.php?rest_route=%2Fwp%2Fv2%2Ftags&post=6963"}],"curies":[{"name":"wp","href":"https:\/\/api.w.org\/{rel}","templated":true}]}}