{"id":6955,"date":"2007-01-15T13:40:26","date_gmt":"2007-01-15T12:40:26","guid":{"rendered":"https:\/\/destinationcyber.com\/?p=6955"},"modified":"2007-01-15T13:40:26","modified_gmt":"2007-01-15T12:40:26","slug":"le-relogement-des-sdf-du-canal-saint-martin-a-commence-et-prendra-plusieurs-semaines","status":"publish","type":"post","link":"https:\/\/destinationcyber.com\/?p=6955","title":{"rendered":"Le relogement des SDF du canal Saint-Martin a commenc\u00e9, et prendra plusieurs semaines"},"content":{"rendered":"<p>Le relogement des SDF install\u00e9s le long du canal Saint-Martin \u00e0 Paris \u00e0 l&rsquo;initiative des Enfants de Don Quichotte a commenc\u00e9, mais prendra plusieurs semaines.<\/p>\n<p>Les associations et les travailleurs sociaux mobilis\u00e9s sur ce dossier ont re\u00e7u individuellement 160 sans-abri depuis vendredi et sont d\u00e9j\u00e0 en mesure de proposer des solutions pour 40 personnes, dont neuf ont accept\u00e9 des h\u00e9bergements ou des logements, selon la FNARS.<\/p>\n<p>Au cours d&rsquo;une conf\u00e9rence de presse destin\u00e9e \u00e0 faire le point de la situation, dimanche \u00e0 Paris, le directeur d\u00e9partemental de la DASS (Direction des affaires sanitaires et sociales) dans la capitale, Philippe Coste, a soulign\u00e9 que les h\u00e9bergements et les logements propos\u00e9s n&rsquo;\u00e9taient \u00ab\u00a0pas sortis d&rsquo;un chapeau\u00a0\u00bb et que \u00ab\u00a0des places qui se lib\u00e9raient depuis la fin de la semaine derni\u00e8re ont \u00e9t\u00e9 bloqu\u00e9es pour sortir au plus vite de cette crise\u00a0\u00bb, alors qu&rsquo;elles auraient pu \u00eatre utilis\u00e9es pour de nouvelles \u00ab\u00a0admissions\u00a0\u00bb.<\/p>\n<p>Selon la F\u00e9d\u00e9ration nationale des associations d&rsquo;accueil et de r\u00e9insertion sociale (FNARS), charg\u00e9e de la \u00ab\u00a0sortie de crise\u00a0\u00bb du canal Saint-Martin et qui organisait cette conf\u00e9rence de presse, 280 personnes ont \u00e9t\u00e9 recens\u00e9es sous les tentes des Enfants de Don Quichotte \u00e0 Paris et 70 travailleurs sociaux sont mobilis\u00e9s sur les dossiers.<\/p>\n<p>\u00ab\u00a0Les gens quitteront les tentes au fur et \u00e0 mesure des propositions de solutions dignes et durables\u00a0\u00bb, a soulign\u00e9 Jean-Baptiste Legrand, porte-parole des Enfants de Don Quichotte qui participait au point de presse.<\/p>\n<p>En province, plus de 600 tentes \u00e9taient toujours en place dimanche \u00e9galement en province, \u00e0 Strasbourg, Bordeaux, Dax, Toulouse, Lille, Marseille, Nice, Aix-en-Provence, Avignon et Lyon, selon la FNARS.<\/p>\n<p>La pr\u00e9sidente de la FNARS, Nicole Maestracci, a rappel\u00e9 dimanche que le processus de sortie de crise allait \u00ab\u00a0prendre du temps\u00a0\u00bb, en raison de situations \u00ab\u00a0lourdes, tr\u00e8s anciennement lourdes, qui ne peuvent se r\u00e9gler du jour au lendemain\u00a0\u00bb.<\/p>\n<p>Le premier enseignement que nous pouvons tirer, c&rsquo;est que toutes ces personnes n\u00e9cessitent un accompagnement social dans la dur\u00e9e.<\/p>\n<p>\u00ab\u00a0Nous nous occupons en priorit\u00e9 des 280 personnes au bord du canal, mais pas question de se limiter \u00e0 la situation de ces 280 personnes.<\/p>\n<p>Ce que nous faisons aujourd&rsquo;hui nous servira pour mettre en place quelque chose de plus p\u00e9renne qui permettra de faire des propositions \u00e0 l&rsquo;ensemble des sans-abri\u00a0\u00bb, a-t-elle pr\u00e9cis\u00e9.<\/p>\n<p>Fanch<\/p>\n","protected":false},"excerpt":{"rendered":"<p>Le relogement des SDF install\u00e9s le long du canal Saint-Martin \u00e0 Paris \u00e0 l&rsquo;initiative des Enfants de Don Quichotte a commenc\u00e9, mais prendra plusieurs semaines. Les associations et les travailleurs sociaux mobilis\u00e9s sur ce dossier ont re\u00e7u individuellement 160 sans-abri depuis vendredi et sont d\u00e9j\u00e0 en mesure de proposer des solutions pour 40 personnes, dont [&hellip;]<\/p>\n","protected":false},"author":1,"featured_media":0,"comment_status":"closed","ping_status":"open","sticky":false,"template":"","format":"standard","meta":{"_citadela_custom_class":"","footnotes":""},"categories":[17],"tags":[],"class_list":["post-6955","post","type-post","status-publish","format-standard","hentry","category-economia"],"_links":{"self":[{"href":"https:\/\/destinationcyber.com\/index.php?rest_route=\/wp\/v2\/posts\/6955","targetHints":{"allow":["GET"]}}],"collection":[{"href":"https:\/\/destinationcyber.com\/index.php?rest_route=\/wp\/v2\/posts"}],"about":[{"href":"https:\/\/destinationcyber.com\/index.php?rest_route=\/wp\/v2\/types\/post"}],"author":[{"embeddable":true,"href":"https:\/\/destinationcyber.com\/index.php?rest_route=\/wp\/v2\/users\/1"}],"replies":[{"embeddable":true,"href":"https:\/\/destinationcyber.com\/index.php?rest_route=%2Fwp%2Fv2%2Fcomments&post=6955"}],"version-history":[{"count":0,"href":"https:\/\/destinationcyber.com\/index.php?rest_route=\/wp\/v2\/posts\/6955\/revisions"}],"wp:attachment":[{"href":"https:\/\/destinationcyber.com\/index.php?rest_route=%2Fwp%2Fv2%2Fmedia&parent=6955"}],"wp:term":[{"taxonomy":"category","embeddable":true,"href":"https:\/\/destinationcyber.com\/index.php?rest_route=%2Fwp%2Fv2%2Fcategories&post=6955"},{"taxonomy":"post_tag","embeddable":true,"href":"https:\/\/destinationcyber.com\/index.php?rest_route=%2Fwp%2Fv2%2Ftags&post=6955"}],"curies":[{"name":"wp","href":"https:\/\/api.w.org\/{rel}","templated":true}]}}