{"id":6944,"date":"2007-01-12T12:12:50","date_gmt":"2007-01-12T11:12:50","guid":{"rendered":"https:\/\/destinationcyber.com\/?p=6944"},"modified":"2007-01-12T12:12:50","modified_gmt":"2007-01-12T11:12:50","slug":"le-premier-ministre-expose-ses-quatre-defis-pour-la-france","status":"publish","type":"post","link":"https:\/\/destinationcyber.com\/?p=6944","title":{"rendered":"le Premier ministre expose ses quatre d\u00e9fis pour la France"},"content":{"rendered":"<p>Dominique de Villepin souhaite \u00ab\u00a0nautrellement\u00a0\u00bb se rendre au congr\u00e8s de l&rsquo;UMP qui se tient dimanche et qui doit investir Nicolas Sarkozy pour la prochaine \u00e9lection pr\u00e9sidentielle.<\/p>\n<p>En attendant, le Premier ministre d\u00e9taille ce matin son programme \u00e9conomique et social \u00e0 cinq ans avec des propositions sur les retraites, au risque de perturber la campagne du pr\u00e9sident de l&rsquo;UMP.<\/p>\n<p>Le Premier ministre r\u00e9affirme qu&rsquo;il a \u00ab\u00a0l&rsquo;ambition de faire gagner (sa) famille politique\u00a0\u00bb.<\/p>\n<p>Un objectif ambitieux qui n\u00e9cessite d&rsquo;engager une fusion ANPE-UNEDIC, de r\u00e9former les allocations ch\u00f4mage et de d\u00e9velopper une \u00ab\u00a0flexi-s\u00e9curit\u00e9 \u00e0 la fran\u00e7aise sur le mod\u00e8le du contrat nouvelle embauche\u00a0\u00bb.<\/p>\n<p>Surtout, estimant que la r\u00e9forme des retraites de son pr\u00e9d\u00e9cesseur Jean-Pierre Raffarin n&rsquo;a pas \u00ab\u00a0tout r\u00e9gl\u00e9\u00a0\u00bb, il pr\u00e9vient qu&rsquo;il faudra \u00e0 l&rsquo;avenir \u00ab\u00a0travailler plus longtemps\u00a0\u00bb, rejette la hausse de la CSG pr\u00f4n\u00e9e par le PS et plaide pour une r\u00e9forme \u00ab\u00a0au cas par cas\u00a0\u00bb des r\u00e9gimes sp\u00e9ciaux en 2008.<\/p>\n<p>Si ces propositions s&rsquo;inscrivent dans le droit fil des recommandations du Conseil d&rsquo;orientation des retraites (COR) et ne suscitent pas de d\u00e9saccord de fond \u00e0 l&rsquo;UMP, elles pourraient troubler le jeu au moment o\u00f9 Nicolas Sarkozy entre en campagne.<\/p>\n<p>Fanch<\/p>\n","protected":false},"excerpt":{"rendered":"<p>Dominique de Villepin souhaite \u00ab\u00a0nautrellement\u00a0\u00bb se rendre au congr\u00e8s de l&rsquo;UMP qui se tient dimanche et qui doit investir Nicolas Sarkozy pour la prochaine \u00e9lection pr\u00e9sidentielle. En attendant, le Premier ministre d\u00e9taille ce matin son programme \u00e9conomique et social \u00e0 cinq ans avec des propositions sur les retraites, au risque de perturber la campagne du [&hellip;]<\/p>\n","protected":false},"author":1,"featured_media":0,"comment_status":"closed","ping_status":"open","sticky":false,"template":"","format":"standard","meta":{"_citadela_custom_class":"","footnotes":""},"categories":[16],"tags":[],"class_list":["post-6944","post","type-post","status-publish","format-standard","hentry","category-bricabrac"],"_links":{"self":[{"href":"https:\/\/destinationcyber.com\/index.php?rest_route=\/wp\/v2\/posts\/6944","targetHints":{"allow":["GET"]}}],"collection":[{"href":"https:\/\/destinationcyber.com\/index.php?rest_route=\/wp\/v2\/posts"}],"about":[{"href":"https:\/\/destinationcyber.com\/index.php?rest_route=\/wp\/v2\/types\/post"}],"author":[{"embeddable":true,"href":"https:\/\/destinationcyber.com\/index.php?rest_route=\/wp\/v2\/users\/1"}],"replies":[{"embeddable":true,"href":"https:\/\/destinationcyber.com\/index.php?rest_route=%2Fwp%2Fv2%2Fcomments&post=6944"}],"version-history":[{"count":0,"href":"https:\/\/destinationcyber.com\/index.php?rest_route=\/wp\/v2\/posts\/6944\/revisions"}],"wp:attachment":[{"href":"https:\/\/destinationcyber.com\/index.php?rest_route=%2Fwp%2Fv2%2Fmedia&parent=6944"}],"wp:term":[{"taxonomy":"category","embeddable":true,"href":"https:\/\/destinationcyber.com\/index.php?rest_route=%2Fwp%2Fv2%2Fcategories&post=6944"},{"taxonomy":"post_tag","embeddable":true,"href":"https:\/\/destinationcyber.com\/index.php?rest_route=%2Fwp%2Fv2%2Ftags&post=6944"}],"curies":[{"name":"wp","href":"https:\/\/api.w.org\/{rel}","templated":true}]}}