{"id":647,"date":"2002-12-02T00:00:00","date_gmt":"2002-12-01T23:00:00","guid":{"rendered":"https:\/\/destinationcyber.com\/?p=647"},"modified":"2002-12-02T00:00:00","modified_gmt":"2002-12-01T23:00:00","slug":"les-antennes-relais-sous-surveillance","status":"publish","type":"post","link":"https:\/\/destinationcyber.com\/?p=647","title":{"rendered":"Les antennes-relais sous surveillance"},"content":{"rendered":"<p class=\"post_excerpt\">Sous la pression du maire et des associations, le minist\u00e8re de la Sant\u00e9 ouvre une enqu\u00eate sanitaire \u00e0 Saint-Cyr-l&rsquo;Ecole. L&rsquo;objectif est de r\u00e9pondre aux inqui\u00e9tudes des habitants sur les probl\u00e8mes de sant\u00e9 li\u00e9s aux antennes-relais de t\u00e9l\u00e9phonie mobile. <\/p>\n<p>La mobilisation des habitants de Saint-Cyr-l&rsquo;Ecole a fini par payer. Soutenus par la mairie, ils viennent d&rsquo;obtenir du minist\u00e8re de la Sant\u00e9 l&rsquo;ouverture d&rsquo;une enqu\u00eate sanitaire dans un quartier de la ville (L&rsquo;Epi d&rsquo;Or). <\/p>\n<p>Il y a plusieurs mois, la population s&rsquo;\u00e9tait inqui\u00e9t\u00e9e de la pr\u00e9sence d&rsquo;antennes-relais de t\u00e9l\u00e9phonie mobile sur le toit d&rsquo;une \u00e9cole, apr\u00e8s la d\u00e9tection de plusieurs cas de cancers. Depuis, le maire et les habitants r\u00e9clament le retrait des antennes et surtout leur installation sur d&rsquo;autres sites jug\u00e9s \u00e0 moindre risque. <\/p>\n<p>Des r\u00e9sultats dans trois mois <\/p>\n<p>Le minist\u00e8re de la Sant\u00e9 a confi\u00e9 cette enqu\u00eate \u00e0 la Direction r\u00e9gionale des affaires sanitaires et sociales (DRASS). Elle consiste, dans un premier temps, \u00e0 recenser tous les cas de maladies graves (cancers, leuc\u00e9mies&#8230;) dans le quartier de L&rsquo;Epi d&rsquo;Or. <\/p>\n<p>L&rsquo;op\u00e9ration durera trois mois et impliquera les m\u00e9decins de la ville et les h\u00f4pitaux de la r\u00e9gion. Les r\u00e9sultats seront alors compar\u00e9s aux statistiques nationales. <\/p>\n<p>Parall\u00e8lement, l&rsquo;organisme m\u00e8nera une \u00e9tude environnementale pour d\u00e9tecter les \u00e9ventuelles sources de danger pour la sant\u00e9 (analyse de l&rsquo;eau potable, pollution de l&rsquo;air&#8230;). A l&rsquo;issue de cette premi\u00e8re \u00e9tape, la d\u00e9cision sera prise de prolonger ou non l&rsquo;enqu\u00eate sanitaire et ce, afin de d\u00e9terminer les causes d&rsquo;un \u00e9ventuel \u00ab exc\u00e8s de pathologie \u00bb. <\/p>\n<p>Une premi\u00e8re en France <\/p>\n<p>C&rsquo;est la premi\u00e8re fois qu&rsquo;une telle enqu\u00eate est men\u00e9e en France. Jusqu&rsquo;\u00e0 pr\u00e9sent, les pouvoirs publics \u00e9cartaient la n\u00e9cessit\u00e9 de mener des \u00e9tudes \u00e9pid\u00e9miologiques portant sur les maladies graves li\u00e9es aux antennes-relais. <\/p>\n<p>Dans un rapport publi\u00e9 au d\u00e9but du mois de novembre, par l&rsquo;Office parlementaire d&rsquo;\u00e9valuation des choix scientifiques et technologiques, les s\u00e9nateurs Lorrain et Raoul d\u00e9claraient : \u00ab Aucune des m\u00e9thodes \u00e9pid\u00e9miologiques disponibles ne permet d&rsquo;aborder s\u00e9rieusement le probl\u00e8me en raison, principalement, du nombre \u00e9lev\u00e9 d&rsquo;autres facteurs pouvant d\u00e9clencher ou aggraver le cancer. [&#8230;] Il n&rsquo;est donc pas scientifiquement raisonnable, aujourd&rsquo;hui, de lancer de telles \u00e9tudes. \u00bb <\/p>\n<p>[source &#8211; 01net.com]<\/p>\n","protected":false},"excerpt":{"rendered":"<p>Sous la pression du maire et des associations, le minist\u00e8re de la Sant\u00e9 ouvre une enqu\u00eate sanitaire \u00e0 Saint-Cyr-l&rsquo;Ecole. L&rsquo;objectif est de r\u00e9pondre aux inqui\u00e9tudes des habitants sur les probl\u00e8mes de sant\u00e9 li\u00e9s aux antennes-relais de t\u00e9l\u00e9phonie mobile. <\/p>\n","protected":false},"author":1,"featured_media":0,"comment_status":"closed","ping_status":"open","sticky":false,"template":"","format":"standard","meta":{"_citadela_custom_class":"","footnotes":""},"categories":[15],"tags":[],"class_list":["post-647","post","type-post","status-publish","format-standard","hentry","category-securite"],"_links":{"self":[{"href":"https:\/\/destinationcyber.com\/index.php?rest_route=\/wp\/v2\/posts\/647","targetHints":{"allow":["GET"]}}],"collection":[{"href":"https:\/\/destinationcyber.com\/index.php?rest_route=\/wp\/v2\/posts"}],"about":[{"href":"https:\/\/destinationcyber.com\/index.php?rest_route=\/wp\/v2\/types\/post"}],"author":[{"embeddable":true,"href":"https:\/\/destinationcyber.com\/index.php?rest_route=\/wp\/v2\/users\/1"}],"replies":[{"embeddable":true,"href":"https:\/\/destinationcyber.com\/index.php?rest_route=%2Fwp%2Fv2%2Fcomments&post=647"}],"version-history":[{"count":0,"href":"https:\/\/destinationcyber.com\/index.php?rest_route=\/wp\/v2\/posts\/647\/revisions"}],"wp:attachment":[{"href":"https:\/\/destinationcyber.com\/index.php?rest_route=%2Fwp%2Fv2%2Fmedia&parent=647"}],"wp:term":[{"taxonomy":"category","embeddable":true,"href":"https:\/\/destinationcyber.com\/index.php?rest_route=%2Fwp%2Fv2%2Fcategories&post=647"},{"taxonomy":"post_tag","embeddable":true,"href":"https:\/\/destinationcyber.com\/index.php?rest_route=%2Fwp%2Fv2%2Ftags&post=647"}],"curies":[{"name":"wp","href":"https:\/\/api.w.org\/{rel}","templated":true}]}}