{"id":6218,"date":"2006-05-22T22:24:20","date_gmt":"2006-05-22T20:24:20","guid":{"rendered":"https:\/\/destinationcyber.com\/?p=6218"},"modified":"2006-05-22T22:24:20","modified_gmt":"2006-05-22T20:24:20","slug":"la-haine-et-lobscurentisme-plane-sur-la-coupe-du-monde-en-allemagne","status":"publish","type":"post","link":"https:\/\/destinationcyber.com\/?p=6218","title":{"rendered":"La haine et l&rsquo;obscurentisme plane sur la Coupe du monde en Allemagne"},"content":{"rendered":"<p>Une nouvelle agression raciste \u00e0 Berlin, perp\u00e9tr\u00e9e contre un \u00e9lu r\u00e9gional d&rsquo;origine turque, a \u00e9mu la classe politique et relanc\u00e9 le d\u00e9bat sur les violences \u00e0 caract\u00e8re x\u00e9nophobe dans l&rsquo;est de l&rsquo;Allemagne.<\/p>\n<p>A moins de trois semaines du d\u00e9but de la Coupe du monde de football, des responsables de partis et d&rsquo;associations antiracistes craignent pour la s\u00e9curit\u00e9 de supporteurs de couleur en certains endroits de la capitale et sa r\u00e9gion, et pour l&rsquo;image du pays en cas de d\u00e9bordements.<\/p>\n<p>Deux inconnus ont violemment frapp\u00e9 Giyasettin Sayan, d\u00e9put\u00e9 du Parti de gauche (ex-communiste) au Parlement r\u00e9gional de Berlin, alors qu&rsquo;il marchait dans une rue de sa circonscription, vendredi soir 19 mai.<\/p>\n<p>Ces incidents avaient incit\u00e9 un ancien porte-parole du gouvernement f\u00e9d\u00e9ral, Uwe-Karsten Heye, <strong>\u00e0 inviter prestement les supporteurs de football \u00ab\u00a0d&rsquo;une autre couleur de peau\u00a0\u00bb \u00e0 ne pas se rendre en certains endroits de Berlin et de la r\u00e9gion mitoyenne du Brandebourg<\/strong>.<\/p>\n<p>L&rsquo;agression du d\u00e9put\u00e9 n&rsquo;a fait qu&rsquo;aviver la discussion.<\/p>\n<p>La classe politique s&rsquo;interroge de nouveau sur les mesures \u00e0 prendre pour r\u00e9duire les agressions x\u00e9nophobes.<\/p>\n<p>Le ministre f\u00e9d\u00e9ral de l&rsquo;int\u00e9rieur, Wolfgang Scha\u00fcble, devait annoncer, lundi 22 mai, <strong>qu&rsquo;entre 2004 et 2005 le nombre de n\u00e9onazis a augment\u00e9 de 300 \u00e0 4 100 en Allemagne<\/strong>.<\/p>\n<p>Le maire de Berlin, Klaus Wowereit, a tenu \u00e0 assurer supporteurs et touristes que \u00ab\u00a0tout sera fait pour que tout se passe bien\u00a0\u00bb.<\/p>\n<p>Fanch<\/p>\n","protected":false},"excerpt":{"rendered":"<p>Une nouvelle agression raciste \u00e0 Berlin, perp\u00e9tr\u00e9e contre un \u00e9lu r\u00e9gional d&rsquo;origine turque, a \u00e9mu la classe politique et relanc\u00e9 le d\u00e9bat sur les violences \u00e0 caract\u00e8re x\u00e9nophobe dans l&rsquo;est de l&rsquo;Allemagne. A moins de trois semaines du d\u00e9but de la Coupe du monde de football, des responsables de partis et d&rsquo;associations antiracistes craignent pour [&hellip;]<\/p>\n","protected":false},"author":1,"featured_media":0,"comment_status":"closed","ping_status":"open","sticky":false,"template":"","format":"standard","meta":{"_citadela_custom_class":"","footnotes":""},"categories":[15],"tags":[],"class_list":["post-6218","post","type-post","status-publish","format-standard","hentry","category-securite"],"_links":{"self":[{"href":"https:\/\/destinationcyber.com\/index.php?rest_route=\/wp\/v2\/posts\/6218","targetHints":{"allow":["GET"]}}],"collection":[{"href":"https:\/\/destinationcyber.com\/index.php?rest_route=\/wp\/v2\/posts"}],"about":[{"href":"https:\/\/destinationcyber.com\/index.php?rest_route=\/wp\/v2\/types\/post"}],"author":[{"embeddable":true,"href":"https:\/\/destinationcyber.com\/index.php?rest_route=\/wp\/v2\/users\/1"}],"replies":[{"embeddable":true,"href":"https:\/\/destinationcyber.com\/index.php?rest_route=%2Fwp%2Fv2%2Fcomments&post=6218"}],"version-history":[{"count":0,"href":"https:\/\/destinationcyber.com\/index.php?rest_route=\/wp\/v2\/posts\/6218\/revisions"}],"wp:attachment":[{"href":"https:\/\/destinationcyber.com\/index.php?rest_route=%2Fwp%2Fv2%2Fmedia&parent=6218"}],"wp:term":[{"taxonomy":"category","embeddable":true,"href":"https:\/\/destinationcyber.com\/index.php?rest_route=%2Fwp%2Fv2%2Fcategories&post=6218"},{"taxonomy":"post_tag","embeddable":true,"href":"https:\/\/destinationcyber.com\/index.php?rest_route=%2Fwp%2Fv2%2Ftags&post=6218"}],"curies":[{"name":"wp","href":"https:\/\/api.w.org\/{rel}","templated":true}]}}