{"id":6202,"date":"2006-05-17T08:35:58","date_gmt":"2006-05-17T06:35:58","guid":{"rendered":"https:\/\/destinationcyber.com\/?p=6202"},"modified":"2006-05-17T08:35:58","modified_gmt":"2006-05-17T06:35:58","slug":"le-clem-revient-au-bercail","status":"publish","type":"post","link":"https:\/\/destinationcyber.com\/?p=6202","title":{"rendered":"Le Clem revient au bercail"},"content":{"rendered":"<p>L&rsquo;ex-porte-avions Clemenceau est entr\u00e9 mercredi peu avant 07H30 dans le goulet de Brest pour rejoindre le port militaire breton apr\u00e8s un long p\u00e9riple depuis l&rsquo;Inde o\u00f9 il n&rsquo;a pu \u00eatre d\u00e9mantel\u00e9.<\/p>\n<p>L&rsquo;ex-Clemenceau, devenu officiellement la coque \u00ab\u00a0Q 790\u00a0\u00bb, devrait \u00eatre amarr\u00e9 \u00e0 partir de 09H00 \u00e0 l&rsquo;\u00e9pi N.4 de la base navale, l&#8217;emplacement qu&rsquo;il avait occup\u00e9 en 1961 au d\u00e9but de sa longue carri\u00e8re de 36 ans dans la Marine.<\/p>\n<p>Sous un ciel nuageux mais avec une bonne visibilit\u00e9, une quarantaine de curieux \u00e9taient pr\u00e9sents au phare du petit Minou marquant l&rsquo;entr\u00e9e du goulet de Brest pour apercevoir passer le \u00ab\u00a0Clem\u00a0\u00bb, escort\u00e9 de b\u00e2timents militaires.<\/p>\n<p>L&rsquo;ex-porte-avions attendra \u00e0 Brest d&rsquo;\u00eatre d\u00e9mantel\u00e9u terme de trois ans de p\u00e9rip\u00e9ties politiques et d&rsquo;un ultime p\u00e9riple de 18.000 km de Toulon au port breton via les c\u00f4tes indiennes.<\/p>\n<p>Priv\u00e9 de tout moyen de propulsion, l&rsquo;ex-porte-avions de 266 m\u00e8tres de long pour 51 m de large est tir\u00e9 par un remorqueur de haute-mer depuis qu&rsquo;il a quitt\u00e9 Toulon, son dernier port d&rsquo;attache, le 31 d\u00e9cembre dernier.<\/p>\n<p>Fanch<\/p>\n","protected":false},"excerpt":{"rendered":"<p>L&rsquo;ex-porte-avions Clemenceau est entr\u00e9 mercredi peu avant 07H30 dans le goulet de Brest pour rejoindre le port militaire breton apr\u00e8s un long p\u00e9riple depuis l&rsquo;Inde o\u00f9 il n&rsquo;a pu \u00eatre d\u00e9mantel\u00e9. L&rsquo;ex-Clemenceau, devenu officiellement la coque \u00ab\u00a0Q 790\u00a0\u00bb, devrait \u00eatre amarr\u00e9 \u00e0 partir de 09H00 \u00e0 l&rsquo;\u00e9pi N.4 de la base navale, l&#8217;emplacement qu&rsquo;il avait [&hellip;]<\/p>\n","protected":false},"author":1,"featured_media":0,"comment_status":"closed","ping_status":"open","sticky":false,"template":"","format":"standard","meta":{"_citadela_custom_class":"","footnotes":""},"categories":[16],"tags":[],"class_list":["post-6202","post","type-post","status-publish","format-standard","hentry","category-bricabrac"],"_links":{"self":[{"href":"https:\/\/destinationcyber.com\/index.php?rest_route=\/wp\/v2\/posts\/6202","targetHints":{"allow":["GET"]}}],"collection":[{"href":"https:\/\/destinationcyber.com\/index.php?rest_route=\/wp\/v2\/posts"}],"about":[{"href":"https:\/\/destinationcyber.com\/index.php?rest_route=\/wp\/v2\/types\/post"}],"author":[{"embeddable":true,"href":"https:\/\/destinationcyber.com\/index.php?rest_route=\/wp\/v2\/users\/1"}],"replies":[{"embeddable":true,"href":"https:\/\/destinationcyber.com\/index.php?rest_route=%2Fwp%2Fv2%2Fcomments&post=6202"}],"version-history":[{"count":0,"href":"https:\/\/destinationcyber.com\/index.php?rest_route=\/wp\/v2\/posts\/6202\/revisions"}],"wp:attachment":[{"href":"https:\/\/destinationcyber.com\/index.php?rest_route=%2Fwp%2Fv2%2Fmedia&parent=6202"}],"wp:term":[{"taxonomy":"category","embeddable":true,"href":"https:\/\/destinationcyber.com\/index.php?rest_route=%2Fwp%2Fv2%2Fcategories&post=6202"},{"taxonomy":"post_tag","embeddable":true,"href":"https:\/\/destinationcyber.com\/index.php?rest_route=%2Fwp%2Fv2%2Ftags&post=6202"}],"curies":[{"name":"wp","href":"https:\/\/api.w.org\/{rel}","templated":true}]}}