{"id":6201,"date":"2006-05-16T12:59:25","date_gmt":"2006-05-16T10:59:25","guid":{"rendered":"https:\/\/destinationcyber.com\/?p=6201"},"modified":"2006-05-16T12:59:25","modified_gmt":"2006-05-16T10:59:25","slug":"lufc-hausse-le-ton-et-saisit-la-justice-contre-free","status":"publish","type":"post","link":"https:\/\/destinationcyber.com\/?p=6201","title":{"rendered":"l&rsquo;UFC hausse le ton et saisit la justice contre FREE"},"content":{"rendered":"<p>Pour les abonn\u00e9es du deuxi\u00e8me FAI fran\u00e7ais, il est de plus en plus difficile de se faire une opinion sur le fournisseur d&rsquo;acc\u00e8s qui a commenc\u00e9 \u00e0 proposer l&rsquo;acc\u00e8s au Net en 1999.<\/p>\n<p>Aujourd&rsquo;hui, les associations locales de consommateurs s&rsquo;exprimant par l&rsquo;interm\u00e9diaire de l&rsquo;UFC-Que Choisir poussent un ras-le-bol et annonce qu&rsquo;elles vont saisir la justice, chacune au niveau locales, d\u00e8s le mardi 16 mai.<\/p>\n<p>\u00ab\u00a0Il n&rsquo;est plus acceptable qu&rsquo;un op\u00e9rateur provoque l&rsquo;envahissement des permanences \u00ab litiges \u00bb des associations locales de l&rsquo;UFC-Que Choisir. Une grande partie des probl\u00e8mes rencontr\u00e9s dans le secteur des nouvelles technologies a pour origine cette soci\u00e9t\u00e9.\u00a0\u00bb<\/p>\n<p>Dans son communiqu\u00e9 l&rsquo;association argumente : \u00ab\u00a0tandis que l&rsquo;absence ou les interruptions de fourniture du service se multiplient, les consommateurs sont dans l&rsquo;impossibilit\u00e9 de trouver un interlocuteur pour r\u00e9pondre \u00e0 leurs demandes l\u00e9gitimes.<\/p>\n<p>Il y proc\u00e8de par pr\u00e9l\u00e8vements forc\u00e9s ou en ayant recours aux services de soci\u00e9t\u00e9s sp\u00e9cialis\u00e9es dans le recouvrement qui exercent une pression ill\u00e9gitime et donc scandaleuse sur les consommateurs.\u00a0\u00bb<\/p>\n<p>Fanch<\/p>\n","protected":false},"excerpt":{"rendered":"<p>Pour les abonn\u00e9es du deuxi\u00e8me FAI fran\u00e7ais, il est de plus en plus difficile de se faire une opinion sur le fournisseur d&rsquo;acc\u00e8s qui a commenc\u00e9 \u00e0 proposer l&rsquo;acc\u00e8s au Net en 1999. Aujourd&rsquo;hui, les associations locales de consommateurs s&rsquo;exprimant par l&rsquo;interm\u00e9diaire de l&rsquo;UFC-Que Choisir poussent un ras-le-bol et annonce qu&rsquo;elles vont saisir la justice, [&hellip;]<\/p>\n","protected":false},"author":1,"featured_media":0,"comment_status":"closed","ping_status":"open","sticky":false,"template":"","format":"standard","meta":{"_citadela_custom_class":"","footnotes":""},"categories":[19],"tags":[],"class_list":["post-6201","post","type-post","status-publish","format-standard","hentry","category-e-droit"],"_links":{"self":[{"href":"https:\/\/destinationcyber.com\/index.php?rest_route=\/wp\/v2\/posts\/6201","targetHints":{"allow":["GET"]}}],"collection":[{"href":"https:\/\/destinationcyber.com\/index.php?rest_route=\/wp\/v2\/posts"}],"about":[{"href":"https:\/\/destinationcyber.com\/index.php?rest_route=\/wp\/v2\/types\/post"}],"author":[{"embeddable":true,"href":"https:\/\/destinationcyber.com\/index.php?rest_route=\/wp\/v2\/users\/1"}],"replies":[{"embeddable":true,"href":"https:\/\/destinationcyber.com\/index.php?rest_route=%2Fwp%2Fv2%2Fcomments&post=6201"}],"version-history":[{"count":0,"href":"https:\/\/destinationcyber.com\/index.php?rest_route=\/wp\/v2\/posts\/6201\/revisions"}],"wp:attachment":[{"href":"https:\/\/destinationcyber.com\/index.php?rest_route=%2Fwp%2Fv2%2Fmedia&parent=6201"}],"wp:term":[{"taxonomy":"category","embeddable":true,"href":"https:\/\/destinationcyber.com\/index.php?rest_route=%2Fwp%2Fv2%2Fcategories&post=6201"},{"taxonomy":"post_tag","embeddable":true,"href":"https:\/\/destinationcyber.com\/index.php?rest_route=%2Fwp%2Fv2%2Ftags&post=6201"}],"curies":[{"name":"wp","href":"https:\/\/api.w.org\/{rel}","templated":true}]}}