{"id":6194,"date":"2006-05-12T19:11:39","date_gmt":"2006-05-12T17:11:39","guid":{"rendered":"https:\/\/destinationcyber.com\/?p=6194"},"modified":"2006-05-12T19:11:39","modified_gmt":"2006-05-12T17:11:39","slug":"le-gouvernement-continu-la-lutte-contre-la-pauvrete-et-lexclusion","status":"publish","type":"post","link":"https:\/\/destinationcyber.com\/?p=6194","title":{"rendered":"Le gouvernement continu la lutte contre la pauvret\u00e9 et l&rsquo;exclusion"},"content":{"rendered":"<p>La ministre d\u00e9l\u00e9gu\u00e9 \u00e0 la Coh\u00e9sion Sociale, Catherine Vautrin, a pr\u00e9sent\u00e9, \u00e0 l&rsquo;issue d&rsquo;une r\u00e9union au Conseil national de lutte contre l&rsquo;exclusion (CNLE), pr\u00e9sid\u00e9 par le Premier ministre, Dominique de Villepin, dix mesures pour lutter contre la pauvret\u00e9 et l&rsquo;exclusion.<\/p>\n<p>Logement, sant\u00e9 et retour \u00e0 l&#8217;emploi des b\u00e9n\u00e9ficiaires de minima sociaux sont au coeur de ces mesures, qui doivent \u00eatre adopt\u00e9es dans l&rsquo;apr\u00e8s-midi par un Comit\u00e9 interminist\u00e9riel.<\/p>\n<p>Tout d&rsquo;abord, l&rsquo;Etat entend se fixer des objectifs chiffr\u00e9s de r\u00e9duction de la pauvret\u00e9.<\/p>\n<p>Concr\u00e8tement, le CNLE, qui r\u00e9unit acteurs associatifs et partenaires sociaux, l&rsquo;Observatoire national de la pauvret\u00e9 et de l&rsquo;exclusion sociale ainsi \u00ables services de l&rsquo;administration comp\u00e9tents\u00bb, vont \u00e9tablir une liste d&rsquo;indicateurs nationaux et locaux.<\/p>\n<p>R\u00e9clam\u00e9 depuis longtemps par les associations, le droit au logement opposable va offrir des recours aux personnes mal log\u00e9es, \u00e9ventuellement devant la justice, pour faire valoir ce droit.<\/p>\n<p>Quelque 6 millions d&rsquo;euros seront consacr\u00e9s d&rsquo;ici \u00e0 la fin 2007 \u00e0 la lutte contre l&rsquo;habitat indigne et \u00e0 l&rsquo;am\u00e9lioration du confort des logements.<\/p>\n<p>Le gouvernement veut doubler l&rsquo;effort de cr\u00e9ation de lits dans les halte-soins sant\u00e9.<\/p>\n<p>Soit \u00abun effort financier annuel de 7,3 millions d&rsquo;euros\u00bb.<\/p>\n<p>Pour encourager le retour \u00e0 l&#8217;emploi des b\u00e9n\u00e9ficiaires des minima sociaux, un contrat d&rsquo;insertion unique destin\u00e9 aux allocataires du RMI va \u00eatre exp\u00e9riment\u00e9.<\/p>\n<p>Les d\u00e9partements volontaires pourront remplacer les contrats existants (revenu minimum d&rsquo;activit\u00e9, contrat d&rsquo;avenir et contrat d&rsquo;accompagnement) par un seul contrat aid\u00e9.<\/p>\n<p>Quant \u00e0 l&rsquo;appui social individualis\u00e9 (ASI) destin\u00e9 en priorit\u00e9 aux allocataires de minima sociaux, il sera recentr\u00e9 sur le soutien aux d\u00e9marches d&rsquo;insertion professionnelle.<\/p>\n<p>Fanch<\/p>\n","protected":false},"excerpt":{"rendered":"<p>La ministre d\u00e9l\u00e9gu\u00e9 \u00e0 la Coh\u00e9sion Sociale, Catherine Vautrin, a pr\u00e9sent\u00e9, \u00e0 l&rsquo;issue d&rsquo;une r\u00e9union au Conseil national de lutte contre l&rsquo;exclusion (CNLE), pr\u00e9sid\u00e9 par le Premier ministre, Dominique de Villepin, dix mesures pour lutter contre la pauvret\u00e9 et l&rsquo;exclusion. Logement, sant\u00e9 et retour \u00e0 l&#8217;emploi des b\u00e9n\u00e9ficiaires de minima sociaux sont au coeur de [&hellip;]<\/p>\n","protected":false},"author":1,"featured_media":0,"comment_status":"closed","ping_status":"open","sticky":false,"template":"","format":"standard","meta":{"_citadela_custom_class":"","footnotes":""},"categories":[16],"tags":[],"class_list":["post-6194","post","type-post","status-publish","format-standard","hentry","category-bricabrac"],"_links":{"self":[{"href":"https:\/\/destinationcyber.com\/index.php?rest_route=\/wp\/v2\/posts\/6194","targetHints":{"allow":["GET"]}}],"collection":[{"href":"https:\/\/destinationcyber.com\/index.php?rest_route=\/wp\/v2\/posts"}],"about":[{"href":"https:\/\/destinationcyber.com\/index.php?rest_route=\/wp\/v2\/types\/post"}],"author":[{"embeddable":true,"href":"https:\/\/destinationcyber.com\/index.php?rest_route=\/wp\/v2\/users\/1"}],"replies":[{"embeddable":true,"href":"https:\/\/destinationcyber.com\/index.php?rest_route=%2Fwp%2Fv2%2Fcomments&post=6194"}],"version-history":[{"count":0,"href":"https:\/\/destinationcyber.com\/index.php?rest_route=\/wp\/v2\/posts\/6194\/revisions"}],"wp:attachment":[{"href":"https:\/\/destinationcyber.com\/index.php?rest_route=%2Fwp%2Fv2%2Fmedia&parent=6194"}],"wp:term":[{"taxonomy":"category","embeddable":true,"href":"https:\/\/destinationcyber.com\/index.php?rest_route=%2Fwp%2Fv2%2Fcategories&post=6194"},{"taxonomy":"post_tag","embeddable":true,"href":"https:\/\/destinationcyber.com\/index.php?rest_route=%2Fwp%2Fv2%2Ftags&post=6194"}],"curies":[{"name":"wp","href":"https:\/\/api.w.org\/{rel}","templated":true}]}}