{"id":6070,"date":"2006-03-27T12:52:50","date_gmt":"2006-03-27T10:52:50","guid":{"rendered":"https:\/\/destinationcyber.com\/?p=6070"},"modified":"2006-03-27T12:52:50","modified_gmt":"2006-03-27T10:52:50","slug":"greves-et-manifestations-anti-cpe-le-mardi-28-mars-2006","status":"publish","type":"post","link":"https:\/\/destinationcyber.com\/?p=6070","title":{"rendered":"Gr\u00e8ves et manifestations anti-CPE le mardi 28 mars 2006"},"content":{"rendered":"<p>La quatri\u00e8me journ\u00e9e de mobilisation syndicale contre le CPE, mardi, s&rsquo;annonce comme la plus importante depuis le d\u00e9but du mouvement avec des centaines d&rsquo;appels \u00e0 la gr\u00e8ve qui devraient ralentir la vie \u00e9conomique du pays, perturbant notamment l&rsquo;\u00e9cole et les transports.<\/p>\n<p>La gr\u00e8ve des cheminots \u00e0 l&rsquo;appel de sept syndicats donne lundi \u00e0 20H00 le coup d&rsquo;envoi de cette nouvelle mobilisation, qui devrait se traduire par de grosses difficult\u00e9s de d\u00e9placement pour tous ceux qui doivent utiliser les transports en commun.<\/p>\n<p>Les transports urbains conna\u00eetront d&rsquo;importantes perturbations avec des appels \u00e0 la gr\u00e8ve dans 76 villes de province, alors qu&rsquo;\u00e0 la RATP (pr\u00e9avis CGT, CFDT, FO et Sud), une rame de m\u00e9tro sur deux devrait circuler et moins d&rsquo;un RER sur deux.<\/p>\n<p>La Coordination nationale \u00e9tudiante envisage \u00ab\u00a0une gr\u00e8ve g\u00e9n\u00e9rale le 4 avril avec les salari\u00e9s\u00a0\u00bb, si rien ne bouge, appelant \u00e0 bloquer les grands axes de communication d\u00e8s jeudi.<\/p>\n<p>Elle r\u00e9clame la d\u00e9mission du gouvernement, un mot d&rsquo;ordre dont Bruno Julliard (Unef), s&rsquo;est d\u00e9marqu\u00e9 r\u00e9cusant toute d\u00e9rive du mouvement vers un \u00ab\u00a0objectif politique\u00a0\u00bb.<\/p>\n<p>Fanch<\/p>\n","protected":false},"excerpt":{"rendered":"<p>La quatri\u00e8me journ\u00e9e de mobilisation syndicale contre le CPE, mardi, s&rsquo;annonce comme la plus importante depuis le d\u00e9but du mouvement avec des centaines d&rsquo;appels \u00e0 la gr\u00e8ve qui devraient ralentir la vie \u00e9conomique du pays, perturbant notamment l&rsquo;\u00e9cole et les transports. La gr\u00e8ve des cheminots \u00e0 l&rsquo;appel de sept syndicats donne lundi \u00e0 20H00 le [&hellip;]<\/p>\n","protected":false},"author":1,"featured_media":0,"comment_status":"closed","ping_status":"open","sticky":false,"template":"","format":"standard","meta":{"_citadela_custom_class":"","footnotes":""},"categories":[15],"tags":[],"class_list":["post-6070","post","type-post","status-publish","format-standard","hentry","category-securite"],"_links":{"self":[{"href":"https:\/\/destinationcyber.com\/index.php?rest_route=\/wp\/v2\/posts\/6070","targetHints":{"allow":["GET"]}}],"collection":[{"href":"https:\/\/destinationcyber.com\/index.php?rest_route=\/wp\/v2\/posts"}],"about":[{"href":"https:\/\/destinationcyber.com\/index.php?rest_route=\/wp\/v2\/types\/post"}],"author":[{"embeddable":true,"href":"https:\/\/destinationcyber.com\/index.php?rest_route=\/wp\/v2\/users\/1"}],"replies":[{"embeddable":true,"href":"https:\/\/destinationcyber.com\/index.php?rest_route=%2Fwp%2Fv2%2Fcomments&post=6070"}],"version-history":[{"count":0,"href":"https:\/\/destinationcyber.com\/index.php?rest_route=\/wp\/v2\/posts\/6070\/revisions"}],"wp:attachment":[{"href":"https:\/\/destinationcyber.com\/index.php?rest_route=%2Fwp%2Fv2%2Fmedia&parent=6070"}],"wp:term":[{"taxonomy":"category","embeddable":true,"href":"https:\/\/destinationcyber.com\/index.php?rest_route=%2Fwp%2Fv2%2Fcategories&post=6070"},{"taxonomy":"post_tag","embeddable":true,"href":"https:\/\/destinationcyber.com\/index.php?rest_route=%2Fwp%2Fv2%2Ftags&post=6070"}],"curies":[{"name":"wp","href":"https:\/\/api.w.org\/{rel}","templated":true}]}}