{"id":6062,"date":"2006-03-23T12:35:08","date_gmt":"2006-03-23T11:35:08","guid":{"rendered":"https:\/\/destinationcyber.com\/?p=6062"},"modified":"2006-03-23T12:35:08","modified_gmt":"2006-03-23T11:35:08","slug":"tentative-de-concertation-ce-vendredi-sur-lemploi-des-jeunes","status":"publish","type":"post","link":"https:\/\/destinationcyber.com\/?p=6062","title":{"rendered":"Tentative de concertation ce Vendredi sur l&#8217;emploi des Jeunes"},"content":{"rendered":"<p>Dominique de Villepin et les leaders syndicaux pourraient se retrouver vendredi 24 mars, pour \u00ab\u00a0une r\u00e9union de travail\u00a0\u00bb portant \u00ab\u00a0sans a priori\u00a0\u00bb sur \u00ab\u00a0tous les sujets\u00a0\u00bb relatifs \u00e0 l&#8217;emploi des jeunes.<\/p>\n<p>Le premier ministre a convi\u00e9 par lettre, jeudi 23 mars, les dirigeants des cinq conf\u00e9d\u00e9rations (CFDT, CFE-CGC, CFTC, CGT, FO) \u00e0 le rencontrer, \u00e0 Matignon.<\/p>\n<p>A peine le courrier re\u00e7u, ces derniers devraient se retrouver, jeudi \u00e0 15 h 30, au si\u00e8ge de la CFDT pour envisager la strat\u00e9gie \u00e0 adopter.<\/p>\n<p>Tous sembleraient d&rsquo;accord sur deux points : accepter l&rsquo;invitation du premier ministre \u00e0 dialoguer et ne plus faire de l&rsquo;annonce du \u00ab\u00a0retrait\u00a0\u00bb du CPE un pr\u00e9alable \u00e0 toute rencontre.<\/p>\n<p>\u00ab\u00a0On y va tous ensemble, ou pas du tout\u00a0\u00bb, insiste Bernard Van Craeynest (CFE-CGC).<\/p>\n<p>\u00ab\u00a0Pour dire qu&rsquo;il faut retirer le CPE\u00a0\u00bb, ajoute Bernard Thibault (CGT).<\/p>\n<p>\u00ab\u00a0Je n&rsquo;ai pas entendu que l&rsquo;on retirait le CPE, mais s&rsquo;il m&rsquo;invite, je vais le voir\u00a0\u00bb, explique Jacques Voisin (CFTC).<\/p>\n<p>De son c\u00f4t\u00e9, le secr\u00e9taire g\u00e9n\u00e9ral de la CFDT, Fran\u00e7ois Ch\u00e9r\u00e8que, indique son souhait de voir tout le monde r\u00e9pondre \u00e0 l&rsquo;invitation de Matignon : \u00ab\u00a0Ce serait bien que tout le monde y aille m\u00eame si c&rsquo;est pour lui expliquer qu&rsquo;il faut retirer le CPE\u00a0\u00bb, dit-il.<\/p>\n<p>La difficult\u00e9 pour les cinq dirigeants conf\u00e9d\u00e9raux va \u00eatre aussi de ne pas faire \u00e9clater un front syndical qui les d\u00e9passe largement, puisqu&rsquo;il associe d&rsquo;autres syndicats, dont la FSU chez les enseignants, ou encore les organisations \u00e9tudiantes et lyc\u00e9ennes, en pointe dans le mouvement anti-CPE.<\/p>\n<p>Avant de leur envoyer son invitation, M. de Villepin a pris soin de v\u00e9rifier que les cinq conf\u00e9d\u00e9rations ne la d\u00e9clineraient pas.<\/p>\n<p>Lors de la s\u00e9ance des questions au gouvernement, M. de Villepin a indiqu\u00e9 \u00ab\u00a0comprendre ce que ressentent et ce que disent les jeunes\u00a0\u00bb, et vouloir \u00ab\u00a0avancer avec les partenaires sociaux sans a priori\u00a0\u00bb.<\/p>\n<p>Dix minutes plus tard, le ministre de l&#8217;emploi Jean-Louis Borloo enfon\u00e7ait le clou : \u00ab\u00a0vous auriez d\u00fb \u00e9couter ce qu&rsquo;a dit le chef du gouvernement\u00a0\u00bb, r\u00e9pondait-il \u00e0 Fran\u00e7ois Hollande, le premier secr\u00e9taire du Parti socialiste : \u00ab\u00a0Sans a priori \u00e7a veut dire en abordant tous les sujets y compris les deux sujets que vous avez \u00e9voqu\u00e9s sur les conditions de la s\u00e9paration [sans justification] et sur la dur\u00e9e [de deux ans de pr\u00e9avis]\u00a0\u00bb du CPE.<\/p>\n<p>Fanch<\/p>\n","protected":false},"excerpt":{"rendered":"<p>Dominique de Villepin et les leaders syndicaux pourraient se retrouver vendredi 24 mars, pour \u00ab\u00a0une r\u00e9union de travail\u00a0\u00bb portant \u00ab\u00a0sans a priori\u00a0\u00bb sur \u00ab\u00a0tous les sujets\u00a0\u00bb relatifs \u00e0 l&#8217;emploi des jeunes. Le premier ministre a convi\u00e9 par lettre, jeudi 23 mars, les dirigeants des cinq conf\u00e9d\u00e9rations (CFDT, CFE-CGC, CFTC, CGT, FO) \u00e0 le rencontrer, \u00e0 [&hellip;]<\/p>\n","protected":false},"author":1,"featured_media":0,"comment_status":"closed","ping_status":"open","sticky":false,"template":"","format":"standard","meta":{"_citadela_custom_class":"","footnotes":""},"categories":[16],"tags":[],"class_list":["post-6062","post","type-post","status-publish","format-standard","hentry","category-bricabrac"],"_links":{"self":[{"href":"https:\/\/destinationcyber.com\/index.php?rest_route=\/wp\/v2\/posts\/6062","targetHints":{"allow":["GET"]}}],"collection":[{"href":"https:\/\/destinationcyber.com\/index.php?rest_route=\/wp\/v2\/posts"}],"about":[{"href":"https:\/\/destinationcyber.com\/index.php?rest_route=\/wp\/v2\/types\/post"}],"author":[{"embeddable":true,"href":"https:\/\/destinationcyber.com\/index.php?rest_route=\/wp\/v2\/users\/1"}],"replies":[{"embeddable":true,"href":"https:\/\/destinationcyber.com\/index.php?rest_route=%2Fwp%2Fv2%2Fcomments&post=6062"}],"version-history":[{"count":0,"href":"https:\/\/destinationcyber.com\/index.php?rest_route=\/wp\/v2\/posts\/6062\/revisions"}],"wp:attachment":[{"href":"https:\/\/destinationcyber.com\/index.php?rest_route=%2Fwp%2Fv2%2Fmedia&parent=6062"}],"wp:term":[{"taxonomy":"category","embeddable":true,"href":"https:\/\/destinationcyber.com\/index.php?rest_route=%2Fwp%2Fv2%2Fcategories&post=6062"},{"taxonomy":"post_tag","embeddable":true,"href":"https:\/\/destinationcyber.com\/index.php?rest_route=%2Fwp%2Fv2%2Ftags&post=6062"}],"curies":[{"name":"wp","href":"https:\/\/api.w.org\/{rel}","templated":true}]}}