{"id":5958,"date":"2006-02-23T12:10:43","date_gmt":"2006-02-23T11:10:43","guid":{"rendered":"https:\/\/destinationcyber.com\/?p=5958"},"modified":"2006-02-23T12:10:43","modified_gmt":"2006-02-23T11:10:43","slug":"lestelechargements-com-le-blog-a-180-000-e","status":"publish","type":"post","link":"https:\/\/destinationcyber.com\/?p=5958","title":{"rendered":"Lestelechargements.com, le blog \u00e0 180.000 \u20ac"},"content":{"rendered":"<p>Le ministre de la Culture Renaud Donnedieu de Vabres a inaugur\u00e9 le 22 f\u00e9vrier un site baptis\u00e9 <a href=\"http:\/\/www.lestelechargements.com\/\">Lestelechargements.com<\/a>.<\/p>\n<p>Son objectif est d&rsquo;organiser une discussion entre artistes, internautes, animateurs de sites ou encore blogueurs au sujet \u00abde l&rsquo;impact du t\u00e9l\u00e9chargement sur le droit d&rsquo;auteur\u00bb.<\/p>\n<p>Le site, qui fait la part belle aux contenus audio et vid\u00e9o, est aussi un moyen de d\u00e9tailler le contenu du projet de loi sur le droit d&rsquo;auteur et les droits voisins dans la soci\u00e9t\u00e9 de l&rsquo;information.<\/p>\n<p>Les minist\u00e8res de la Culture et de l&rsquo;\u00c9conomie ont mis la main \u00e0 la poche, ainsi que les soci\u00e9t\u00e9s d&rsquo;auteurs comme la Sacem et la SACD (Soci\u00e9t\u00e9 des Auteurs et Compositeurs Dramatiques). Cr\u00e9\u00e9 par Publicis, le site est financ\u00e9 \u00e0 hauteur de 180.000 euros et sera semble-t&rsquo;il, mis en ligne du 22 f\u00e9vier au 9 mars 2006<\/p>\n<p>Le ministre de la culture s&rsquo;est lanc\u00e9 dans une grande campagne d&rsquo;explications et d&rsquo;\u00e9claircissements sur son projet de loi.<\/p>\n<p>Le site est convivial et ergonomique, mais vu le prix, l&rsquo;on n&rsquo;en attendait pas moins.<\/p>\n<p>J&rsquo;aime bien les interviews des artistes et des d\u00e9tracteurs du projet. <\/p>\n<p>Il y a des vid\u00e9os et une m&rsquo;a beaucoup plus (<em>je ne sais si cela sera au go\u00fbt de tous<\/em>), c&rsquo;est le sketch sur les sauterelles repr\u00e9sentant les internautes qui t\u00e9l\u00e9chargent du m\u00e9dia sans payer. <br \/>\nA voir  <a href=\"http:\/\/www.lestelechargements.com\/index.php?lnk=gad\"><strong>ICI<\/strong><\/a>. <\/p>\n<p>J&rsquo;esp\u00e8re que les auteurs ont bien fait une demande de diffusion de m\u00e9dia \u00e0 la SACEM et reversent les droits aff\u00e9rents.<\/p>\n<p>Je m&rsquo;\u00e9tonnais, en parcourant le blogue et les commentaires  de ne pas trouver le style si particulier et plein de fautes d&rsquo;orthographe commun aux blogues, la raison en est toute simple, les mod\u00e9rateurs corrigent vos \u00e9crits : <strong><a href=\"http:\/\/www.lestelechargements.com\/pop_charte.htm\">voir la charte \u00e9ditoriale<\/a>.<\/p>\n<p><\/strong>Pour poster un commentaire, il ne vous faudra pas \u00eatre l\u00e8ve t\u00f4t, ni couche-tard, les mod\u00e9rateurs n&rsquo;officiants que de 9 heures \u00e0 1 heures du matin.<\/p>\n<p>Comme dans toutes bonnes d\u00e9mocraties, des contre-feux ont \u00e9t\u00e9 mis en ligne :<\/p>\n<ul>\n<li><a href=\"http:\/\/www.lestelechargements.info\">www.lestelechargements.info<\/a><\/li>\n<li><a href=\"http:\/\/www.lestelechargements.org\/\">www.lestelechargements.org<\/a><\/li>\n<\/ul>\n<p>Fanch<\/p>\n","protected":false},"excerpt":{"rendered":"<p>Le ministre de la Culture Renaud Donnedieu de Vabres a inaugur\u00e9 le 22 f\u00e9vrier un site baptis\u00e9 Lestelechargements.com. Son objectif est d&rsquo;organiser une discussion entre artistes, internautes, animateurs de sites ou encore blogueurs au sujet \u00abde l&rsquo;impact du t\u00e9l\u00e9chargement sur le droit d&rsquo;auteur\u00bb. Le site, qui fait la part belle aux contenus audio et vid\u00e9o, [&hellip;]<\/p>\n","protected":false},"author":1,"featured_media":0,"comment_status":"closed","ping_status":"open","sticky":false,"template":"","format":"standard","meta":{"_citadela_custom_class":"","footnotes":""},"categories":[18],"tags":[],"class_list":["post-5958","post","type-post","status-publish","format-standard","hentry","category-medias"],"_links":{"self":[{"href":"https:\/\/destinationcyber.com\/index.php?rest_route=\/wp\/v2\/posts\/5958","targetHints":{"allow":["GET"]}}],"collection":[{"href":"https:\/\/destinationcyber.com\/index.php?rest_route=\/wp\/v2\/posts"}],"about":[{"href":"https:\/\/destinationcyber.com\/index.php?rest_route=\/wp\/v2\/types\/post"}],"author":[{"embeddable":true,"href":"https:\/\/destinationcyber.com\/index.php?rest_route=\/wp\/v2\/users\/1"}],"replies":[{"embeddable":true,"href":"https:\/\/destinationcyber.com\/index.php?rest_route=%2Fwp%2Fv2%2Fcomments&post=5958"}],"version-history":[{"count":0,"href":"https:\/\/destinationcyber.com\/index.php?rest_route=\/wp\/v2\/posts\/5958\/revisions"}],"wp:attachment":[{"href":"https:\/\/destinationcyber.com\/index.php?rest_route=%2Fwp%2Fv2%2Fmedia&parent=5958"}],"wp:term":[{"taxonomy":"category","embeddable":true,"href":"https:\/\/destinationcyber.com\/index.php?rest_route=%2Fwp%2Fv2%2Fcategories&post=5958"},{"taxonomy":"post_tag","embeddable":true,"href":"https:\/\/destinationcyber.com\/index.php?rest_route=%2Fwp%2Fv2%2Ftags&post=5958"}],"curies":[{"name":"wp","href":"https:\/\/api.w.org\/{rel}","templated":true}]}}