{"id":5955,"date":"2006-02-22T12:17:59","date_gmt":"2006-02-22T11:17:59","guid":{"rendered":"https:\/\/destinationcyber.com\/?p=5955"},"modified":"2006-02-22T12:17:59","modified_gmt":"2006-02-22T11:17:59","slug":"le-premier-ministre-veut-construire-un-nouveau-pacte-social","status":"publish","type":"post","link":"https:\/\/destinationcyber.com\/?p=5955","title":{"rendered":"Le Premier ministre veut construire un \u00ab\u00a0nouveau pacte social\u00a0\u00bb"},"content":{"rendered":"<p>Apr\u00e8s la cr\u00e9ation du contrat premi\u00e8re embauche (CPE), Dominique de Villepin a annon\u00e7\u00e9 pour 2006 la construction d&rsquo;un \u00ab\u00a0nouveau pacte social\u00a0\u00bb.<\/p>\n<p>Lors d&rsquo;un d\u00e9bat \u00e0 l&rsquo;Assembl\u00e9e nationale sur la motion de censure d\u00e9pos\u00e9e par le Parti socialiste contre sa politique \u00e9conomique et sociale, motion rejet\u00e9e comme pr\u00e9vu, le Premier ministre s&rsquo;est en vivement pris \u00e0 l&rsquo;opposition.<\/p>\n<p>\u00ab\u00a0Si nous voulons sauver le mod\u00e8le social fran\u00e7ais, il faut le refonder sur des bases solides et justes\u00a0\u00bb et sur les trois piliers r\u00e9publicains, libert\u00e9, \u00e9galit\u00e9 et fraternit\u00e9, a-t-il affirm\u00e9 devant les d\u00e9put\u00e9s.<\/p>\n<p>Dans cet effort pour \u00ab\u00a0construire un nouveau pacte social plus moderne, plus \u00e9quitable, plus juste\u00a0\u00bb, le chef du gouvernement a choisi sa place, avec \u00ab\u00a0ceux qui regardent devant\u00a0\u00bb.<\/p>\n<p>\u00ab\u00a0Aujourd&rsquo;hui, nous sommes au rendez-vous de l&rsquo;action contre la r\u00e9signation, au rendez-vous du pragmatisme contre l&rsquo;id\u00e9ologie\u00a0\u00bb, a-t-il d\u00e9clar\u00e9 au moment o\u00f9 la gauche tente de relancer la mobilisation contre le CPE.<\/p>\n<p>Il n&rsquo;y a pas d&rsquo;un c\u00f4t\u00e9 l&rsquo;ombre et de l&rsquo;autre c\u00f4t\u00e9 la lumi\u00e8re (&#8230;) Vous me trouverez toujours du c\u00f4t\u00e9 de ceux qui croient dans la France et qui veuillent le meilleur pour les Fran\u00e7ais\u00a0\u00bb, a-t-il assur\u00e9.<\/p>\n<p>\u00ab\u00a0Ensemble, nous allons en finir avec le ch\u00f4mage de masse en particulier le ch\u00f4mage des jeunes\u00a0\u00bb, a assur\u00e9 le Premier ministre, qui affrontait sa seconde motion de censure depuis la formation de son gouvernement, en juin dernier.<\/p>\n<p>Pour Dominique de Villepin, la \u00ab\u00a0tendance\u00a0\u00bb \u00e0 la baisse du ch\u00f4mage est bien \u00ab\u00a0l\u00e0\u00a0\u00bb et elle n&rsquo;est pas due \u00e0 la sortie massive de demandeurs d&#8217;emplois des listes de l&rsquo;ANPE, comme l&rsquo;en accuse l&rsquo;opposition.<\/p>\n<p>Pour contrer la \u00ab\u00a0gu\u00e9rilla parlementaire\u00a0\u00bb de l&rsquo;opposition, Dominique de Villepin a choisi ce mois-ci de recourir \u00e0 la proc\u00e9dure du 49-3 mettant un terme aux d\u00e9bat et vote parlementaires sur le projet de loi sur l&rsquo;\u00e9galit\u00e9 des chances, auquel avait \u00e9t\u00e9 ajout\u00e9 le CPE.<\/p>\n<p>La gauche, les syndicats et les organisations de lyc\u00e9ens et d&rsquo;\u00e9tudiants ont appel\u00e9 \u00e0 une nouvelle journ\u00e9e d&rsquo;actions unitaire contre le CPE pour le 7 mars.<\/p>\n<p>Des manifestations sont \u00e9galement pr\u00e9vues jeudi, jour o\u00f9 d\u00e9bute l&rsquo;examen du texte au S\u00e9nat.<\/p>\n<p>Fanch<\/p>\n","protected":false},"excerpt":{"rendered":"<p>Apr\u00e8s la cr\u00e9ation du contrat premi\u00e8re embauche (CPE), Dominique de Villepin a annon\u00e7\u00e9 pour 2006 la construction d&rsquo;un \u00ab\u00a0nouveau pacte social\u00a0\u00bb. Lors d&rsquo;un d\u00e9bat \u00e0 l&rsquo;Assembl\u00e9e nationale sur la motion de censure d\u00e9pos\u00e9e par le Parti socialiste contre sa politique \u00e9conomique et sociale, motion rejet\u00e9e comme pr\u00e9vu, le Premier ministre s&rsquo;est en vivement pris \u00e0 [&hellip;]<\/p>\n","protected":false},"author":1,"featured_media":0,"comment_status":"closed","ping_status":"open","sticky":false,"template":"","format":"standard","meta":{"_citadela_custom_class":"","footnotes":""},"categories":[16],"tags":[],"class_list":["post-5955","post","type-post","status-publish","format-standard","hentry","category-bricabrac"],"_links":{"self":[{"href":"https:\/\/destinationcyber.com\/index.php?rest_route=\/wp\/v2\/posts\/5955","targetHints":{"allow":["GET"]}}],"collection":[{"href":"https:\/\/destinationcyber.com\/index.php?rest_route=\/wp\/v2\/posts"}],"about":[{"href":"https:\/\/destinationcyber.com\/index.php?rest_route=\/wp\/v2\/types\/post"}],"author":[{"embeddable":true,"href":"https:\/\/destinationcyber.com\/index.php?rest_route=\/wp\/v2\/users\/1"}],"replies":[{"embeddable":true,"href":"https:\/\/destinationcyber.com\/index.php?rest_route=%2Fwp%2Fv2%2Fcomments&post=5955"}],"version-history":[{"count":0,"href":"https:\/\/destinationcyber.com\/index.php?rest_route=\/wp\/v2\/posts\/5955\/revisions"}],"wp:attachment":[{"href":"https:\/\/destinationcyber.com\/index.php?rest_route=%2Fwp%2Fv2%2Fmedia&parent=5955"}],"wp:term":[{"taxonomy":"category","embeddable":true,"href":"https:\/\/destinationcyber.com\/index.php?rest_route=%2Fwp%2Fv2%2Fcategories&post=5955"},{"taxonomy":"post_tag","embeddable":true,"href":"https:\/\/destinationcyber.com\/index.php?rest_route=%2Fwp%2Fv2%2Ftags&post=5955"}],"curies":[{"name":"wp","href":"https:\/\/api.w.org\/{rel}","templated":true}]}}