{"id":5946,"date":"2006-02-20T11:11:37","date_gmt":"2006-02-20T10:11:37","guid":{"rendered":"https:\/\/destinationcyber.com\/?p=5946"},"modified":"2006-02-20T11:11:37","modified_gmt":"2006-02-20T10:11:37","slug":"lancien-porte-avions-clemenceau-en-panne-de-contrat-de-remorquage","status":"publish","type":"post","link":"https:\/\/destinationcyber.com\/?p=5946","title":{"rendered":"L&rsquo;ancien porte-avions Clemenceau en panne de contrat de remorquage"},"content":{"rendered":"<p>Les tribulations de l&rsquo;ancien porte-avions Clemenceau ne se sont pas achev\u00e9es avec la d\u00e9cision de le rapatrier en France.<\/p>\n<p>En panne de contrat de remorquage, le navire n&rsquo;avait toujours pas pris le chemin du retour vers Brest, vendredi 17 f\u00e9vrier, o\u00f9 il sera accueilli, dans quelque trois mois, avec des sentiments m\u00eal\u00e9s.<\/p>\n<p>Avec \u00e9motion par les marins qui ont servi \u00e0 son bord, mais sans plaisir par le maire (PS), Fran\u00e7ois Cuillandre, qui refuse la perspective de voir \u00ab\u00a0la carcasse du Clemenceau pourrir dans un coin de la rade de Brest pendant un temps ind\u00e9termin\u00e9\u00a0\u00bb.<\/p>\n<p>Au minist\u00e8re de la d\u00e9fense, on se garde de tout pronostic, tout en doutant de la possibilit\u00e9 de trouver rapidement un chantier pr\u00eat \u00e0 se charger des travaux de d\u00e9samiantage et de d\u00e9mant\u00e8lement.<\/p>\n<p>Le bateau se rend \u00e0 Brest, et non \u00e0 Toulon, eu \u00e9gard aux \u00ab\u00a0conditions de stationnement et de place disponible\u00a0\u00bb, et sera amarr\u00e9 dans le port militaire ou mouill\u00e9 au large.<\/p>\n<p>L&rsquo;assentiment du maire n&rsquo;est donc pas n\u00e9cessaire.<\/p>\n<p>Plusieurs experts maritimes ont soulign\u00e9 que cette travers\u00e9e, via le cap de Bonne-Esp\u00e9rance, risque d&rsquo;\u00eatre moins tranquille que le trajet aller par le canal de Suez.<\/p>\n<p>Le \u00ab\u00a0Clem\u00a0\u00bb, qui offre une importante prise au vent, va devoir remonter l&rsquo;Atlantique contre les courants, au moment o\u00f9 d\u00e9butent les perturbations de l&rsquo;automne austral.<\/p>\n<p>Le minist\u00e8re de la d\u00e9fense rappelle que le convoyage du b\u00e2timent vers l&rsquo;Inde \u00ab\u00a0n&rsquo;a rien co\u00fbt\u00e9 au contribuable\u00a0\u00bb, puisqu&rsquo;il a \u00e9t\u00e9 pris en charge par le consortium Ship Decommissioning Industries (SDI) &#8211; lequel a achet\u00e9 la coque 100 000 euros \u00e0 l&rsquo;Etat fran\u00e7ais -, et assure que le co\u00fbt de son retour n&rsquo;exc\u00e9dera pas 1 million d&rsquo;euros.<\/p>\n<p>La pol\u00e9mique sur ce point ne fait que commencer, comme celle sur les conditions de son d\u00e9samiantage et de son d\u00e9mant\u00e8lement, et sur le tonnage d&rsquo;amiante qui reste \u00e0 bord.<\/p>\n<p>Mich\u00e8le Alliot-Marie, ministre de la d\u00e9fense, qui sera entendue mercredi 22 f\u00e9vrier par la commission de la d\u00e9fense de l&rsquo;Assembl\u00e9e nationale, devra s&rsquo;expliquer sur ces questions.<\/p>\n<p>Interrog\u00e9 le 8 f\u00e9vrier par la mission d&rsquo;information de l&rsquo;Assembl\u00e9e sur les risques de l&rsquo;exposition \u00e0 l&rsquo;amiante, l&rsquo;amiral Alain Oudot de Dainville, chef d&rsquo;\u00e9tat-major de la marine, a rappel\u00e9 que le co\u00fbt d&rsquo;une telle \u00ab\u00a0d\u00e9construction\u00a0\u00bb dans une fili\u00e8re fran\u00e7aise ou europ\u00e9enne avait \u00e9t\u00e9 \u00e9valu\u00e9 &#8211; il y a trois ans &#8211; \u00e0 \u00ab\u00a0un minimum de 45 millions d&rsquo;euros\u00a0\u00bb.<\/p>\n<p>L&rsquo;amiral a reproch\u00e9 aux associations \u00e9cologistes de se fonder sur les seuls \u00e9l\u00e9ments apport\u00e9s par la soci\u00e9t\u00e9 Technopure.<\/p>\n<p>En France, le projet de couler le Clemenceau au large de Marseille avait \u00e9t\u00e9 abandonn\u00e9 en 2002.<\/p>\n<p>Fanch<\/p>\n","protected":false},"excerpt":{"rendered":"<p>Les tribulations de l&rsquo;ancien porte-avions Clemenceau ne se sont pas achev\u00e9es avec la d\u00e9cision de le rapatrier en France. En panne de contrat de remorquage, le navire n&rsquo;avait toujours pas pris le chemin du retour vers Brest, vendredi 17 f\u00e9vrier, o\u00f9 il sera accueilli, dans quelque trois mois, avec des sentiments m\u00eal\u00e9s. Avec \u00e9motion par [&hellip;]<\/p>\n","protected":false},"author":1,"featured_media":0,"comment_status":"closed","ping_status":"open","sticky":false,"template":"","format":"standard","meta":{"_citadela_custom_class":"","footnotes":""},"categories":[16],"tags":[],"class_list":["post-5946","post","type-post","status-publish","format-standard","hentry","category-bricabrac"],"_links":{"self":[{"href":"https:\/\/destinationcyber.com\/index.php?rest_route=\/wp\/v2\/posts\/5946","targetHints":{"allow":["GET"]}}],"collection":[{"href":"https:\/\/destinationcyber.com\/index.php?rest_route=\/wp\/v2\/posts"}],"about":[{"href":"https:\/\/destinationcyber.com\/index.php?rest_route=\/wp\/v2\/types\/post"}],"author":[{"embeddable":true,"href":"https:\/\/destinationcyber.com\/index.php?rest_route=\/wp\/v2\/users\/1"}],"replies":[{"embeddable":true,"href":"https:\/\/destinationcyber.com\/index.php?rest_route=%2Fwp%2Fv2%2Fcomments&post=5946"}],"version-history":[{"count":0,"href":"https:\/\/destinationcyber.com\/index.php?rest_route=\/wp\/v2\/posts\/5946\/revisions"}],"wp:attachment":[{"href":"https:\/\/destinationcyber.com\/index.php?rest_route=%2Fwp%2Fv2%2Fmedia&parent=5946"}],"wp:term":[{"taxonomy":"category","embeddable":true,"href":"https:\/\/destinationcyber.com\/index.php?rest_route=%2Fwp%2Fv2%2Fcategories&post=5946"},{"taxonomy":"post_tag","embeddable":true,"href":"https:\/\/destinationcyber.com\/index.php?rest_route=%2Fwp%2Fv2%2Ftags&post=5946"}],"curies":[{"name":"wp","href":"https:\/\/api.w.org\/{rel}","templated":true}]}}