{"id":5945,"date":"2006-02-20T11:01:30","date_gmt":"2006-02-20T10:01:30","guid":{"rendered":"https:\/\/destinationcyber.com\/?p=5945"},"modified":"2006-02-20T11:01:30","modified_gmt":"2006-02-20T10:01:30","slug":"premier-cas-de-grippe-aviaire-en-france","status":"publish","type":"post","link":"https:\/\/destinationcyber.com\/?p=5945","title":{"rendered":"Premier cas de grippe aviaire en France"},"content":{"rendered":"<p>Le minist\u00e8re de l&rsquo;agriculture a confirm\u00e9, samedi 18 f\u00e9vrier au soir, que le canard sauvage dont le cadavre a \u00e9t\u00e9 retrouv\u00e9 lundi sur la commune de Joyeux, dans l&rsquo;Ain, \u00e9tait porteur du virus H5N1, officialisant la pr\u00e9sence de la grippe aviaire en France.<\/p>\n<p>\u00ab\u00a0Ce virus pr\u00e9sente 99% d&rsquo;identit\u00e9 avec le virus d&rsquo;origine asiatique\u00a0\u00bb, pr\u00e9cise dans un communiqu\u00e9 le minist\u00e8re, se fondant sur les r\u00e9sultats transmis par le laboratoire de r\u00e9f\u00e9rence de l&rsquo;Agence fran\u00e7aise de s\u00e9curit\u00e9 sanitaire des aliments (Afssa).<\/p>\n<p><strong>Un num\u00e9ro de t\u00e9l\u00e9phone unique, le 0 825 302 302 a \u00e9t\u00e9 mis en place pour s&rsquo;informer sur la grippe aviaire<\/strong>, a annonc\u00e9 samedi le minist\u00e8re de la sant\u00e9.<\/p>\n<p><em>\u00abL&rsquo;appel est factur\u00e9 0,15 euros la minute\u00bb<\/em>.<\/p>\n<p>&#8220;<em>Cette plateforme fournit la liste des pays touch\u00e9s (Tapez 1), les recommandations aux voyageurs (Tapez 2) et r\u00e9pond aux questions plus g\u00e9n\u00e9rales sur la grippe aviaire (Tapez 3)&#8221;.<\/p>\n<p>Ouverte de 8 heures \u00e0 22 heures, 7 jours sur 7, elle met en relation les appelants avec des t\u00e9l\u00e9-op\u00e9rateurs ayant une sp\u00e9cialisation sanitaire<\/em>.<\/p>\n<hr \/>\n<p>Une quinzaine d&rsquo;oiseaux morts retrouv\u00e9s sur le sol fran\u00e7ais font l&rsquo;objet d&rsquo;analyses dans divers laboratoires.<\/p>\n<p>L&rsquo;annonce de la pr\u00e9sence de ce virus en France paraissait depuis quelques jours in\u00e9luctable, plusieurs pays voisins ayant signal\u00e9 la pr\u00e9sence sur leur sol d&rsquo;oiseaux touch\u00e9s par cette \u00e9pid\u00e9mie venue d&rsquo;Asie.<\/p>\n<p>En visite d&rsquo;Etat \u00e0 Bangkok, le pr\u00e9sident Jacques Chirac s&rsquo;est voulu rassurant en mettant en avant la mobilisation des autorit\u00e9s.<\/p>\n<p>\u00ab\u00a0C&rsquo;est une situation qu&rsquo;il faut prendre avec calme mais avec le plus grand s\u00e9rieux, dans un esprit de responsabilit\u00e9, et en veillant au respect intransigeant du principe de pr\u00e9caution\u00a0\u00bb, a-t-il dit.<\/p>\n<p>\u00ab\u00a0Nous avons d\u00e9cid\u00e9 de d\u00e9clencher sans aucun d\u00e9lai les mesures de protection, de contr\u00f4le et de surveillance renforc\u00e9s qui sont pr\u00e9vues par les plans d&rsquo;action gouvernemental et europ\u00e9en\u00a0\u00bb, a rappel\u00e9 le chef de l&rsquo;Etat, assurant que la France s&rsquo;\u00e9tait \u00ab\u00a0pr\u00e9par\u00e9e de longue date\u00a0\u00bb \u00e0 ce sc\u00e9nario.<\/p>\n<p><em>Une \u00ab\u00a0zone de protection renforc\u00e9e\u00a0\u00bb d&rsquo;un rayon de trois kilom\u00e8tres autour du lieu o\u00f9 a \u00e9t\u00e9 d\u00e9couvert le canard sauvage s&rsquo;\u00e9tend sur 14 communes et englobe 20 \u00e9levages professionnels et 136 basses-cours.<\/p>\n<p>Le parc ornythologique de la Dombes, qui se trouve dans ce p\u00e9rim\u00e8tre, a \u00e9t\u00e9 ferm\u00e9.<\/p>\n<p>Il est interdit de sortir des volailles de ces deux p\u00e9rim\u00e8tres, qui sont soumis \u00e0 des mesures sp\u00e9cifiques d&rsquo;inspection des \u00e9levages et de d\u00e9sinfection.<br \/>\n<\/em><br \/>\n\u00ab\u00a0La viande de volaille ne pr\u00e9sente aucun danger pour la consommation\u00a0\u00bb, a rappel\u00e9 le ministre de l&rsquo;agriculture.<\/p>\n<p>En r\u00e9ponse aux inqui\u00e9tudes de la fili\u00e8re avicole apr\u00e8s la confirmation qu&rsquo;un canard sauvage \u00e9tait mort du virus H5N1 de la grippe aviaire dans l&rsquo;Ain, Dominique Bussereau a d\u00e9clar\u00e9 dimanche que le premier ministre \u00e9tait \u00ab\u00a0pr\u00eat \u00e0 prendre des mesures suppl\u00e9mentaires de solidarit\u00e9\u00a0\u00bb financi\u00e8re.<\/p>\n<hr \/>\n<p>Le ministre de l&rsquo;agriculture, qui s&rsquo;exprimait sur Europe 1, a refus\u00e9 d&rsquo;\u00e9voquer un montant.<\/p>\n<p>Mais il a d\u00e9clar\u00e9 que les sommes d\u00e9j\u00e0 annonc\u00e9es &#8211; 5 millions d&rsquo;euros d&rsquo;aides aux \u00e9leveurs et 1 million pour la communication &#8211; correspondaient \u00ab\u00a0\u00e0 la situation d&rsquo;hier, certainement plus \u00e0 celle d&rsquo;aujourd&rsquo;hui\u00a0\u00bb.<\/p>\n<p>Et d&rsquo;\u00e9voquer des campagnes d&rsquo;incitation \u00e0 \u00ab\u00a0consommer des volailles\u00a0\u00bb, qui \u00ab\u00a0n&rsquo;ont jamais en France \u00e9t\u00e9 \u00e0 un tel niveau de qualit\u00e9\u00a0\u00bb.<\/p>\n<p>\u00ab\u00a0Il n&rsquo;y a aucun risque\u00a0\u00bb, a r\u00e9p\u00e9t\u00e9 le ministre.<\/p>\n<p>La pr\u00e9sidente du Medef a jug\u00e9 dimanche n\u00e9cessaire de \u00ab\u00a0r\u00e9fl\u00e9chir aux cons\u00e9quences \u00e9conomiques\u00a0\u00bb de la grippe aviaire, mais aussi de \u00ab\u00a0tout faire pour aider imm\u00e9diatement\u00a0\u00bb la fili\u00e8re avicole,\u00a0\u00bbnon seulement dans ses pratiques d&rsquo;\u00e9levage, mais aussi \u00e9conomiquement et financi\u00e8rement pour contenir le plus possible le risque\u00a0\u00bb.<\/p>\n<p>\u00ab\u00a0Il vaut mieux tout faire pour \u00e9viter le passage d&rsquo;un stade (de contamination) \u00e0 un autre pour des raisons de sant\u00e9 publique, mais aussi parce que cela pourrait avoir des cons\u00e9quences graves sur le plan \u00e9conomique\u00a0\u00bb, a d\u00e9clar\u00e9 Laurence Parisot au Grand Jury RTL-LCI-Le Figaro, qui inivite \u00e0 \u00ab\u00a0d&#8217;embl\u00e9e \u00e9laborer tous les sc\u00e9narios, m\u00eame noirs\u00a0\u00bb.<\/p>\n<p>Le site internet du Medef propose une page sp\u00e9ciale sur le sujet, informant les entreprises et les incitant \u00e0 prendre des mesures de pr\u00e9vention.<\/p>\n<p>Dominique Bussereau a r\u00e9affirm\u00e9, entre autres mesures, que la vaccination des canards et oies d&rsquo;\u00e9levages \u00ab\u00a0situ\u00e9s dans les zones humides\u00a0\u00bb de la Loire-Atlantique, de la Vend\u00e9e et des Landes d\u00e9buterait mercredi, pour durer un mois.<\/p>\n<p>La fili\u00e8re avicole, tr\u00e8s divis\u00e9e et ne disposant pas d&rsquo;une interprofession dot\u00e9e d&rsquo;importants moyens financiers comme celle de la viande bovine lors de la maladie de la vache folle, craint que l&rsquo;impact m\u00e9diatique de la grippe aviaire dure des mois.\u00a0\u00bbOn est sur le pied de guerre.<\/p>\n<p>La consommation de volailles a baiss\u00e9 de 15 % en moyenne depuis janvier, par rapport \u00e0 la m\u00eame p\u00e9riode 2005.<\/p>\n<p>\u00ab\u00a0Il y a de tr\u00e8s fortes probabilit\u00e9s qu&rsquo;on d\u00e9couvre en France tr\u00e8s prochainement, comme en Allemagne, de nombreux autres oiseaux sauvages infect\u00e9s par le virus H5N1\u00a0\u00bb, reconnaissait-on dimanche au minist\u00e8re de l&rsquo;agriculture.<\/p>\n<p>La direction des services v\u00e9t\u00e9rinaires de l&rsquo;Ain a estim\u00e9 \u00ab\u00a0non n\u00e9gligeables\u00a0\u00bb les risques de propagation de la grippe aviaire \u00e0 d&rsquo;autres oiseaux sauvages autour de Joyeux.<\/p>\n<p>Fanch<\/p>\n","protected":false},"excerpt":{"rendered":"<p>Le minist\u00e8re de l&rsquo;agriculture a confirm\u00e9, samedi 18 f\u00e9vrier au soir, que le canard sauvage dont le cadavre a \u00e9t\u00e9 retrouv\u00e9 lundi sur la commune de Joyeux, dans l&rsquo;Ain, \u00e9tait porteur du virus H5N1, officialisant la pr\u00e9sence de la grippe aviaire en France. \u00ab\u00a0Ce virus pr\u00e9sente 99% d&rsquo;identit\u00e9 avec le virus d&rsquo;origine asiatique\u00a0\u00bb, pr\u00e9cise dans [&hellip;]<\/p>\n","protected":false},"author":1,"featured_media":0,"comment_status":"closed","ping_status":"open","sticky":false,"template":"","format":"standard","meta":{"_citadela_custom_class":"","footnotes":""},"categories":[15],"tags":[],"class_list":["post-5945","post","type-post","status-publish","format-standard","hentry","category-securite"],"_links":{"self":[{"href":"https:\/\/destinationcyber.com\/index.php?rest_route=\/wp\/v2\/posts\/5945","targetHints":{"allow":["GET"]}}],"collection":[{"href":"https:\/\/destinationcyber.com\/index.php?rest_route=\/wp\/v2\/posts"}],"about":[{"href":"https:\/\/destinationcyber.com\/index.php?rest_route=\/wp\/v2\/types\/post"}],"author":[{"embeddable":true,"href":"https:\/\/destinationcyber.com\/index.php?rest_route=\/wp\/v2\/users\/1"}],"replies":[{"embeddable":true,"href":"https:\/\/destinationcyber.com\/index.php?rest_route=%2Fwp%2Fv2%2Fcomments&post=5945"}],"version-history":[{"count":0,"href":"https:\/\/destinationcyber.com\/index.php?rest_route=\/wp\/v2\/posts\/5945\/revisions"}],"wp:attachment":[{"href":"https:\/\/destinationcyber.com\/index.php?rest_route=%2Fwp%2Fv2%2Fmedia&parent=5945"}],"wp:term":[{"taxonomy":"category","embeddable":true,"href":"https:\/\/destinationcyber.com\/index.php?rest_route=%2Fwp%2Fv2%2Fcategories&post=5945"},{"taxonomy":"post_tag","embeddable":true,"href":"https:\/\/destinationcyber.com\/index.php?rest_route=%2Fwp%2Fv2%2Ftags&post=5945"}],"curies":[{"name":"wp","href":"https:\/\/api.w.org\/{rel}","templated":true}]}}