{"id":5907,"date":"2006-02-13T14:25:07","date_gmt":"2006-02-13T13:25:07","guid":{"rendered":"https:\/\/destinationcyber.com\/?p=5907"},"modified":"2006-02-13T14:25:07","modified_gmt":"2006-02-13T13:25:07","slug":"emprisonne-en-tunisie-un-internaute-est-en-danger-de-mort","status":"publish","type":"post","link":"https:\/\/destinationcyber.com\/?p=5907","title":{"rendered":"Emprisonn\u00e9 en Tunisie, un internaute est en \u00ab\u00a0danger de mort\u00a0\u00bb"},"content":{"rendered":"<p>Un jeune internaute tuberculeux, condamn\u00e9 en 2004 \u00e0 13 ans de prison pour usage d&rsquo;internet \u00ab\u00a0\u00e0 des fins d&rsquo;attentats terroristes\u00a0\u00bb selon les autorit\u00e9s, est en \u00ab\u00a0danger de mort\u00a0\u00bb, son \u00e9tat de sant\u00e9 s&rsquo;\u00e9tant \u00ab\u00a0consid\u00e9rablement aggrav\u00e9\u00a0\u00bb, a annonc\u00e9 dimanche \u00e0 Paris un Comit\u00e9 de soutien.<\/p>\n<p>\u00ab\u00a0L&rsquo;\u00e9tat de sant\u00e9 de Abdelghaffar Guiza s&rsquo;est consid\u00e9rablement aggrav\u00e9 ces derniers temps au point que sa famille craint pour sa vie\u00a0\u00bb, indique un communiqu\u00e9 du Comit\u00e9 international de soutien aux internautes de Zarzis (sud de la Tunisie), qui appelle les autorit\u00e9s tunisiennes \u00e0 lui fournir \u00ab\u00a0d&rsquo;urgence les soins appropri\u00e9s \u00e0 son \u00e9tat de sant\u00e9\u00a0\u00bb.<\/p>\n<p>La tuberculose d&rsquo;Abdelghaffar Guiza, \u00e2g\u00e9 de 23 ans et dont le \u00ab\u00a0seul crime\u00a0\u00bb est, selon le Comit\u00e9, \u00ab\u00a0d&rsquo;avoir surf\u00e9 sur internet\u00a0\u00bb, \u00ab\u00a0a empir\u00e9 suite aux mauvaises conditions de d\u00e9tention et \u00e0 la privation de ses m\u00e9dicaments\u00a0\u00bb.<\/p>\n<p>Avocats et d\u00e9fenseurs des droits de l&rsquo;Homme avaient qualifi\u00e9 leur proc\u00e8s de \u00ab\u00a0scandaleux\u00a0\u00bb.<\/p>\n<p>Abdelghaffar Guiza et ses camarades avaient \u00e9t\u00e9 condamn\u00e9s en avril 2004 \u00e0 19 ans et trois mois de prison, une peine ramen\u00e9e en d\u00e9cembre 2004 en appel \u00e0 13 ans.<\/p>\n<p>Fanch<\/p>\n","protected":false},"excerpt":{"rendered":"<p>Un jeune internaute tuberculeux, condamn\u00e9 en 2004 \u00e0 13 ans de prison pour usage d&rsquo;internet \u00ab\u00a0\u00e0 des fins d&rsquo;attentats terroristes\u00a0\u00bb selon les autorit\u00e9s, est en \u00ab\u00a0danger de mort\u00a0\u00bb, son \u00e9tat de sant\u00e9 s&rsquo;\u00e9tant \u00ab\u00a0consid\u00e9rablement aggrav\u00e9\u00a0\u00bb, a annonc\u00e9 dimanche \u00e0 Paris un Comit\u00e9 de soutien. \u00ab\u00a0L&rsquo;\u00e9tat de sant\u00e9 de Abdelghaffar Guiza s&rsquo;est consid\u00e9rablement aggrav\u00e9 ces derniers [&hellip;]<\/p>\n","protected":false},"author":1,"featured_media":0,"comment_status":"closed","ping_status":"open","sticky":false,"template":"","format":"standard","meta":{"_citadela_custom_class":"","footnotes":""},"categories":[15],"tags":[],"class_list":["post-5907","post","type-post","status-publish","format-standard","hentry","category-securite"],"_links":{"self":[{"href":"https:\/\/destinationcyber.com\/index.php?rest_route=\/wp\/v2\/posts\/5907","targetHints":{"allow":["GET"]}}],"collection":[{"href":"https:\/\/destinationcyber.com\/index.php?rest_route=\/wp\/v2\/posts"}],"about":[{"href":"https:\/\/destinationcyber.com\/index.php?rest_route=\/wp\/v2\/types\/post"}],"author":[{"embeddable":true,"href":"https:\/\/destinationcyber.com\/index.php?rest_route=\/wp\/v2\/users\/1"}],"replies":[{"embeddable":true,"href":"https:\/\/destinationcyber.com\/index.php?rest_route=%2Fwp%2Fv2%2Fcomments&post=5907"}],"version-history":[{"count":0,"href":"https:\/\/destinationcyber.com\/index.php?rest_route=\/wp\/v2\/posts\/5907\/revisions"}],"wp:attachment":[{"href":"https:\/\/destinationcyber.com\/index.php?rest_route=%2Fwp%2Fv2%2Fmedia&parent=5907"}],"wp:term":[{"taxonomy":"category","embeddable":true,"href":"https:\/\/destinationcyber.com\/index.php?rest_route=%2Fwp%2Fv2%2Fcategories&post=5907"},{"taxonomy":"post_tag","embeddable":true,"href":"https:\/\/destinationcyber.com\/index.php?rest_route=%2Fwp%2Fv2%2Ftags&post=5907"}],"curies":[{"name":"wp","href":"https:\/\/api.w.org\/{rel}","templated":true}]}}