{"id":5906,"date":"2006-02-13T14:11:28","date_gmt":"2006-02-13T13:11:28","guid":{"rendered":"https:\/\/destinationcyber.com\/?p=5906"},"modified":"2006-02-13T14:11:28","modified_gmt":"2006-02-13T13:11:28","slug":"loi-dadvsi-examen-du-projet-de-loi-possible-du-7-au-10-mars","status":"publish","type":"post","link":"https:\/\/destinationcyber.com\/?p=5906","title":{"rendered":"Loi DADVSI : examen du projet de loi possible du 7 au 10 mars"},"content":{"rendered":"<p>L&rsquo;examen du projet de loi sur les droits d&rsquo;auteur sur internet, interrompu en d\u00e9cembre et qui doit reprendre en mars \u00e0 l&rsquo;Assembl\u00e9e nationale, aura lieu \u00ab\u00a0vraisemblablement\u00a0\u00bb entre le 7 et le 10 mars, a d\u00e9clar\u00e9 le ministre de la Culture, Renaud Donnedieu de Vabres, dimanche sur Radio J. \u00ab\u00a0Le d\u00e9bat aura lieu dans la premi\u00e8re quinzaine du mois de mars\u00a0\u00bb et \u00ab\u00a0la date la plus vraisemblable\u00a0\u00bb pour sa tenue est entre le 7 et le 10 mars, a indiqu\u00e9 M. Donnedieu de Vabres.<\/p>\n<p>Plus largement, \u00ab\u00a0il s&rsquo;agit de cr\u00e9er une dynamique pour montrer que le travail d&rsquo;artistes, d&rsquo;auteurs m\u00e9rite une r\u00e9mun\u00e9ration\u00a0\u00bb, tout en posant \u00ab\u00a0le probl\u00e8me de la gratuit\u00e9 vers une \u00e9tape celle de la responsabilit\u00e9\u00a0\u00bb, a indiqu\u00e9 Renaud Donnedieu de Vabres.<\/p>\n<p>\u00ab\u00a0J&rsquo;ai fait un travail d&rsquo;explication consid\u00e9rable\u00a0\u00bb, a insist\u00e9 le ministre de la Culture, en confirmant \u00ab\u00a0l&rsquo;ouverture mercredi 22 f\u00e9vrier d&rsquo;un site qui permettra tous les \u00e9changes entre internautes et artistes (<a href=\"www.lestelechargements.com\">lestelechargements.com<\/a>) pour des rencontres et des discussions tr\u00e8s libres\u00a0\u00bb.<\/p>\n<p>Transcendant les clivages partisans, les d\u00e9put\u00e9s ont inflig\u00e9 un camouflet en d\u00e9cembre au gouvernement dans le d\u00e9bat sur les droits d&rsquo;auteur sur Internet: ils ont adopt\u00e9 deux amendements qui ouvrent la voie \u00e0 la \u00ab\u00a0licence globale\u00a0\u00bb l\u00e9galisant les \u00e9changes de fichiers en \u00ab\u00a0peer to peer\u00a0\u00bb (ou P2P) contre le paiement par les internautes d&rsquo;une somme forfaitaire.<\/p>\n<p>Fanch<\/p>\n","protected":false},"excerpt":{"rendered":"<p>L&rsquo;examen du projet de loi sur les droits d&rsquo;auteur sur internet, interrompu en d\u00e9cembre et qui doit reprendre en mars \u00e0 l&rsquo;Assembl\u00e9e nationale, aura lieu \u00ab\u00a0vraisemblablement\u00a0\u00bb entre le 7 et le 10 mars, a d\u00e9clar\u00e9 le ministre de la Culture, Renaud Donnedieu de Vabres, dimanche sur Radio J. \u00ab\u00a0Le d\u00e9bat aura lieu dans la premi\u00e8re [&hellip;]<\/p>\n","protected":false},"author":1,"featured_media":0,"comment_status":"closed","ping_status":"open","sticky":false,"template":"","format":"standard","meta":{"_citadela_custom_class":"","footnotes":""},"categories":[18],"tags":[],"class_list":["post-5906","post","type-post","status-publish","format-standard","hentry","category-medias"],"_links":{"self":[{"href":"https:\/\/destinationcyber.com\/index.php?rest_route=\/wp\/v2\/posts\/5906","targetHints":{"allow":["GET"]}}],"collection":[{"href":"https:\/\/destinationcyber.com\/index.php?rest_route=\/wp\/v2\/posts"}],"about":[{"href":"https:\/\/destinationcyber.com\/index.php?rest_route=\/wp\/v2\/types\/post"}],"author":[{"embeddable":true,"href":"https:\/\/destinationcyber.com\/index.php?rest_route=\/wp\/v2\/users\/1"}],"replies":[{"embeddable":true,"href":"https:\/\/destinationcyber.com\/index.php?rest_route=%2Fwp%2Fv2%2Fcomments&post=5906"}],"version-history":[{"count":0,"href":"https:\/\/destinationcyber.com\/index.php?rest_route=\/wp\/v2\/posts\/5906\/revisions"}],"wp:attachment":[{"href":"https:\/\/destinationcyber.com\/index.php?rest_route=%2Fwp%2Fv2%2Fmedia&parent=5906"}],"wp:term":[{"taxonomy":"category","embeddable":true,"href":"https:\/\/destinationcyber.com\/index.php?rest_route=%2Fwp%2Fv2%2Fcategories&post=5906"},{"taxonomy":"post_tag","embeddable":true,"href":"https:\/\/destinationcyber.com\/index.php?rest_route=%2Fwp%2Fv2%2Ftags&post=5906"}],"curies":[{"name":"wp","href":"https:\/\/api.w.org\/{rel}","templated":true}]}}