{"id":5900,"date":"2006-02-10T11:10:16","date_gmt":"2006-02-10T10:10:16","guid":{"rendered":"https:\/\/destinationcyber.com\/?p=5900"},"modified":"2006-02-10T11:10:16","modified_gmt":"2006-02-10T10:10:16","slug":"le-premier-ministre-veut-reequilibrer-le-projet-de-loi-sur-limmigration","status":"publish","type":"post","link":"https:\/\/destinationcyber.com\/?p=5900","title":{"rendered":"Le Premier ministre veut \u00ab r\u00e9\u00e9quilibrer \u00bb le projet de loi sur l&rsquo;immigration"},"content":{"rendered":"<p>Lors du Comit\u00e9 interminist\u00e9riel de contr\u00f4le de l&rsquo;immigration (Cici) qui s&rsquo;est tenu hier \u00e0 Matignon, Dominique de Villepin a valid\u00e9, en l&rsquo;amendant, l&rsquo;avant-projet de loi relatif \u00e0 l&rsquo;immigration et \u00e0 l&rsquo;int\u00e9gration pr\u00e9sent\u00e9 par le ministre de l&rsquo;Int\u00e9rieur.<\/p>\n<p>Tentant de d\u00e9samorcer les vives critiques suscit\u00e9es \u00e0 gauche et dans le milieu associatif par les annonces de Nicolas Sarkozy dans le \u00abLe Journal du dimanche\u00bb, il a insist\u00e9 sur \u00abla n\u00e9cessit\u00e9 de trouver le juste \u00e9quilibre entre des exigences humanitaires, \u00e9conomiques, sociales et de s\u00e9curit\u00e9\u00bb.<\/p>\n<p>Convaincus que l&rsquo;immigration sera l&rsquo;un des th\u00e8mes majeurs de la pr\u00e9sidentielle de 2007, le Premier ministre et le ministre de l&rsquo;Int\u00e9rieur ont bataill\u00e9 ferme pour imposer leur vision des choses.<\/p>\n<p><strong>C&rsquo;est sur la port\u00e9e \u00e0 donner au projet de loi que les divergences sont les plus frappantes<\/strong> : alors qu&rsquo;au minist\u00e8re de l&rsquo;Int\u00e9rieur, on estime que les propositions de Nicolas Sarkozy viennent mettre un terme \u00e0 trente ann\u00e9es de flottement en mati\u00e8re de politique migratoire, \u00e0 Matignon, on insiste au contraire sur la \u00abcontinuit\u00e9\u00bb par rapport aux pr\u00e9c\u00e9dentes loi de la droite, en r\u00e9cusant toute id\u00e9e de \u00abrupture\u00bb ou de \u00abrefondation\u00bb.<\/p>\n<p>\u00abPas de quotas\u00bb, a ainsi tranch\u00e9 Dominique de Villepin au motif que cela serait contraire \u00e0 la \u00abtradition r\u00e9publicaine\u00bb de la France.<\/p>\n<p>Et \u00ables chiffres sur le nombre de titres de s\u00e9jour et de visas que nous envisageons de d\u00e9livrer\u00bb n&rsquo;auront qu \u00abune valeur indicative\u00bb.<\/p>\n<p>Afin de temp\u00e9rer l&rsquo;enthousiasme de son ministre de l&rsquo;Int\u00e9rieur, le Premier ministre lui a aussi fait comprendre, hier, qu&rsquo;il ne pourrait assumer \u00e0 lui seul la paternit\u00e9 du projet de loi, puisque celui-ci \u00absera d\u00e9fendu en liaison avec les diff\u00e9rents ministres concern\u00e9s\u00bb, parmi lesquels le ministre de l&rsquo;Emploi, Jean-Louis Borloo, avec lequel les passes d&rsquo;armes ont \u00e9t\u00e9 nombreuses ces derniers jours, le ministre d\u00e9l\u00e9gu\u00e9 \u00e0 l&rsquo;Enseignement sup\u00e9rieur, Fran\u00e7ois Goulard, et le ministre de l&rsquo;Outre-mer, Fran\u00e7ois Baroin.<\/p>\n<p>Fanch<\/p>\n","protected":false},"excerpt":{"rendered":"<p>Lors du Comit\u00e9 interminist\u00e9riel de contr\u00f4le de l&rsquo;immigration (Cici) qui s&rsquo;est tenu hier \u00e0 Matignon, Dominique de Villepin a valid\u00e9, en l&rsquo;amendant, l&rsquo;avant-projet de loi relatif \u00e0 l&rsquo;immigration et \u00e0 l&rsquo;int\u00e9gration pr\u00e9sent\u00e9 par le ministre de l&rsquo;Int\u00e9rieur. Tentant de d\u00e9samorcer les vives critiques suscit\u00e9es \u00e0 gauche et dans le milieu associatif par les annonces de [&hellip;]<\/p>\n","protected":false},"author":1,"featured_media":0,"comment_status":"closed","ping_status":"open","sticky":false,"template":"","format":"standard","meta":{"_citadela_custom_class":"","footnotes":""},"categories":[19],"tags":[],"class_list":["post-5900","post","type-post","status-publish","format-standard","hentry","category-e-droit"],"_links":{"self":[{"href":"https:\/\/destinationcyber.com\/index.php?rest_route=\/wp\/v2\/posts\/5900","targetHints":{"allow":["GET"]}}],"collection":[{"href":"https:\/\/destinationcyber.com\/index.php?rest_route=\/wp\/v2\/posts"}],"about":[{"href":"https:\/\/destinationcyber.com\/index.php?rest_route=\/wp\/v2\/types\/post"}],"author":[{"embeddable":true,"href":"https:\/\/destinationcyber.com\/index.php?rest_route=\/wp\/v2\/users\/1"}],"replies":[{"embeddable":true,"href":"https:\/\/destinationcyber.com\/index.php?rest_route=%2Fwp%2Fv2%2Fcomments&post=5900"}],"version-history":[{"count":0,"href":"https:\/\/destinationcyber.com\/index.php?rest_route=\/wp\/v2\/posts\/5900\/revisions"}],"wp:attachment":[{"href":"https:\/\/destinationcyber.com\/index.php?rest_route=%2Fwp%2Fv2%2Fmedia&parent=5900"}],"wp:term":[{"taxonomy":"category","embeddable":true,"href":"https:\/\/destinationcyber.com\/index.php?rest_route=%2Fwp%2Fv2%2Fcategories&post=5900"},{"taxonomy":"post_tag","embeddable":true,"href":"https:\/\/destinationcyber.com\/index.php?rest_route=%2Fwp%2Fv2%2Ftags&post=5900"}],"curies":[{"name":"wp","href":"https:\/\/api.w.org\/{rel}","templated":true}]}}