{"id":5898,"date":"2006-02-10T11:03:33","date_gmt":"2006-02-10T10:03:33","guid":{"rendered":"https:\/\/destinationcyber.com\/?p=5898"},"modified":"2006-02-10T11:03:33","modified_gmt":"2006-02-10T10:03:33","slug":"salaire-minimum-contre-salaire-des-patrons-en-allemagne","status":"publish","type":"post","link":"https:\/\/destinationcyber.com\/?p=5898","title":{"rendered":"Salaire minimum contre salaire des patrons en Allemagne"},"content":{"rendered":"<p>Franz M\u00fcntefering, le vice-chancelier et ministre f\u00e9d\u00e9ral du Travail (social-d\u00e9mocrate), vient de relancer l&rsquo;id\u00e9e d&rsquo;instaurer enfin un salaire minimum.<\/p>\n<p>L&rsquo;Allemagne r\u00e9unifi\u00e9e est, avec l&rsquo;Autriche, Chypre, le Danemark, la Finlande, l&rsquo;Italie et la Su\u00e8de, l&rsquo;un des pays occidentaux \u00e0 ne pas avoir de salaire minimum.<\/p>\n<p>Outre-Rhin, les r\u00e9mun\u00e9rations sont g\u00e9n\u00e9ralement n\u00e9goci\u00e9es branche par branche par les employeurs et les syndicats.<\/p>\n<p>Pour pouvoir lutter efficacement contre la concurrence de la main-d oeuvre des pays de l&rsquo;Est, en particulier de la Pologne, Franz M\u00fcntefering souhaite donc l&rsquo;instauration de ce que l&rsquo;on appelle ici un \u00abMindestlohn\u00bb.<\/p>\n<p>Pour arriver \u00e0 ses fins, le ministre f\u00e9d\u00e9ral du Travail va devoir surmonter l&rsquo;opposition \u00e0 la fois des milieux patronaux et de la plupart des syndicats.<\/p>\n<p><em>Seul le syndicat Ver.di (fonction publique et tertiaire, pr\u00e8s de 2,4 millions d&rsquo;adh\u00e9rents) semble favorable \u00e0 une telle mise en place,<\/em> <strong>\u00e0 condition toutefois que le SMIC horaire soit sup\u00e9rieur \u00e0 8 euros<\/strong>.<\/p>\n<p><em>Au moment o\u00f9 l&rsquo;id\u00e9e de l&rsquo;instauration d&rsquo;un salaire minimum refait surface, la conf\u00e9d\u00e9ration syndicale DGB vient de relancer le d\u00e9bat sur le salaire&#8230;<\/em><\/p>\n<p><strong>\u00abPour les dirigeants des entreprises cot\u00e9es au DAX de la Bourse de Francfort, un salaire annuel de 2 millions d&rsquo;euros semble \u00eatre un seuil critique\u00bb<\/strong>, <em>vient de d\u00e9clarer Dietmar Hexel, un des responsables de cette conf\u00e9d\u00e9ration qui regroupe 6,8 millions de salari\u00e9s syndiqu\u00e9s<\/em>.<\/p>\n<p>Fanch<\/p>\n","protected":false},"excerpt":{"rendered":"<p>Franz M\u00fcntefering, le vice-chancelier et ministre f\u00e9d\u00e9ral du Travail (social-d\u00e9mocrate), vient de relancer l&rsquo;id\u00e9e d&rsquo;instaurer enfin un salaire minimum. L&rsquo;Allemagne r\u00e9unifi\u00e9e est, avec l&rsquo;Autriche, Chypre, le Danemark, la Finlande, l&rsquo;Italie et la Su\u00e8de, l&rsquo;un des pays occidentaux \u00e0 ne pas avoir de salaire minimum. Outre-Rhin, les r\u00e9mun\u00e9rations sont g\u00e9n\u00e9ralement n\u00e9goci\u00e9es branche par branche par les [&hellip;]<\/p>\n","protected":false},"author":1,"featured_media":0,"comment_status":"closed","ping_status":"open","sticky":false,"template":"","format":"standard","meta":{"_citadela_custom_class":"","footnotes":""},"categories":[17],"tags":[],"class_list":["post-5898","post","type-post","status-publish","format-standard","hentry","category-economia"],"_links":{"self":[{"href":"https:\/\/destinationcyber.com\/index.php?rest_route=\/wp\/v2\/posts\/5898","targetHints":{"allow":["GET"]}}],"collection":[{"href":"https:\/\/destinationcyber.com\/index.php?rest_route=\/wp\/v2\/posts"}],"about":[{"href":"https:\/\/destinationcyber.com\/index.php?rest_route=\/wp\/v2\/types\/post"}],"author":[{"embeddable":true,"href":"https:\/\/destinationcyber.com\/index.php?rest_route=\/wp\/v2\/users\/1"}],"replies":[{"embeddable":true,"href":"https:\/\/destinationcyber.com\/index.php?rest_route=%2Fwp%2Fv2%2Fcomments&post=5898"}],"version-history":[{"count":0,"href":"https:\/\/destinationcyber.com\/index.php?rest_route=\/wp\/v2\/posts\/5898\/revisions"}],"wp:attachment":[{"href":"https:\/\/destinationcyber.com\/index.php?rest_route=%2Fwp%2Fv2%2Fmedia&parent=5898"}],"wp:term":[{"taxonomy":"category","embeddable":true,"href":"https:\/\/destinationcyber.com\/index.php?rest_route=%2Fwp%2Fv2%2Fcategories&post=5898"},{"taxonomy":"post_tag","embeddable":true,"href":"https:\/\/destinationcyber.com\/index.php?rest_route=%2Fwp%2Fv2%2Ftags&post=5898"}],"curies":[{"name":"wp","href":"https:\/\/api.w.org\/{rel}","templated":true}]}}