{"id":5857,"date":"2006-02-01T16:21:30","date_gmt":"2006-02-01T15:21:30","guid":{"rendered":"https:\/\/destinationcyber.com\/?p=5857"},"modified":"2006-02-01T16:21:30","modified_gmt":"2006-02-01T15:21:30","slug":"loi-dadvsi-le-ministre-de-la-culture-auditionne-le-8-fevrier-a-lassemblee","status":"publish","type":"post","link":"https:\/\/destinationcyber.com\/?p=5857","title":{"rendered":"Loi DADVSI : le ministre de la Culture auditionn\u00e9 le 8 f\u00e9vrier \u00e0 l&rsquo;Assembl\u00e9e"},"content":{"rendered":"<p>Le ministre de la Culture, Renaud Donnedieu de Vabres, sera auditionn\u00e9 sur le projet de loi sur les droits d&rsquo;auteur, mercredi 8 f\u00e9vrier, conjointement par les commissions des Affaires sociales et \u00e9conomiques, a-t-on appris mercredi de source parlementaire.<\/p>\n<p>Le projet de loi, tr\u00e8s contest\u00e9, avait mis en \u00e9bullition l&rsquo;Assembl\u00e9e nationale et provoqu\u00e9 un important d\u00e9bat dans le milieu du multim\u00e9dia et de la culture, en d\u00e9cembre.<\/p>\n<p>Le 21 d\u00e9cembre, l&rsquo;Assembl\u00e9e nationale avait adopt\u00e9, contre toute attente et malgr\u00e9 l&rsquo;opposition du gouvernement, deux amendements l\u00e9galisant le t\u00e9l\u00e9chargement sur internet pour usage priv\u00e9, en contrepartie d&rsquo;une r\u00e9mun\u00e9ration forfaitaire pour les auteurs.<\/p>\n<p>A la recherche du \u00ab\u00a0consensus le plus large possible\u00a0\u00bb, le gouvernement a depuis annonc\u00e9 un certain nombre d&rsquo;am\u00e9nagements \u00e0 son projet de loi sur le droit d&rsquo;auteur, centr\u00e9 toutefois sur le contr\u00f4le de l&rsquo;usage des oeuvres sur internet par des mesures techniques de protection (MTP).<\/p>\n<p>Le Premier ministre Dominique de Villepin a indiqu\u00e9 que l&rsquo;examen du texte \u00e0 l&rsquo;Assembl\u00e9e nationale devrait reprendre \u00ab\u00a0\u00e0 partir de mars\u00a0\u00bb mais le pr\u00e9sident du groupe UMP Bernard Accoyer a exig\u00e9 un accord de son groupe sur un texte \u00e9crit avant la reprise des d\u00e9bats, pour \u00e9viter une nouvelle fronde de d\u00e9put\u00e9s de la majorit\u00e9.<\/p>\n<p>Fanch<\/p>\n","protected":false},"excerpt":{"rendered":"<p>Le ministre de la Culture, Renaud Donnedieu de Vabres, sera auditionn\u00e9 sur le projet de loi sur les droits d&rsquo;auteur, mercredi 8 f\u00e9vrier, conjointement par les commissions des Affaires sociales et \u00e9conomiques, a-t-on appris mercredi de source parlementaire. Le projet de loi, tr\u00e8s contest\u00e9, avait mis en \u00e9bullition l&rsquo;Assembl\u00e9e nationale et provoqu\u00e9 un important d\u00e9bat [&hellip;]<\/p>\n","protected":false},"author":1,"featured_media":0,"comment_status":"closed","ping_status":"open","sticky":false,"template":"","format":"standard","meta":{"_citadela_custom_class":"","footnotes":""},"categories":[18],"tags":[],"class_list":["post-5857","post","type-post","status-publish","format-standard","hentry","category-medias"],"_links":{"self":[{"href":"https:\/\/destinationcyber.com\/index.php?rest_route=\/wp\/v2\/posts\/5857","targetHints":{"allow":["GET"]}}],"collection":[{"href":"https:\/\/destinationcyber.com\/index.php?rest_route=\/wp\/v2\/posts"}],"about":[{"href":"https:\/\/destinationcyber.com\/index.php?rest_route=\/wp\/v2\/types\/post"}],"author":[{"embeddable":true,"href":"https:\/\/destinationcyber.com\/index.php?rest_route=\/wp\/v2\/users\/1"}],"replies":[{"embeddable":true,"href":"https:\/\/destinationcyber.com\/index.php?rest_route=%2Fwp%2Fv2%2Fcomments&post=5857"}],"version-history":[{"count":0,"href":"https:\/\/destinationcyber.com\/index.php?rest_route=\/wp\/v2\/posts\/5857\/revisions"}],"wp:attachment":[{"href":"https:\/\/destinationcyber.com\/index.php?rest_route=%2Fwp%2Fv2%2Fmedia&parent=5857"}],"wp:term":[{"taxonomy":"category","embeddable":true,"href":"https:\/\/destinationcyber.com\/index.php?rest_route=%2Fwp%2Fv2%2Fcategories&post=5857"},{"taxonomy":"post_tag","embeddable":true,"href":"https:\/\/destinationcyber.com\/index.php?rest_route=%2Fwp%2Fv2%2Ftags&post=5857"}],"curies":[{"name":"wp","href":"https:\/\/api.w.org\/{rel}","templated":true}]}}