{"id":5779,"date":"2006-01-13T09:39:26","date_gmt":"2006-01-13T08:39:26","guid":{"rendered":"https:\/\/destinationcyber.com\/?p=5779"},"modified":"2006-01-13T09:39:26","modified_gmt":"2006-01-13T08:39:26","slug":"le-ministre-de-leconomie-est-la-pour-poser-des-questions","status":"publish","type":"post","link":"https:\/\/destinationcyber.com\/?p=5779","title":{"rendered":"le ministre de l&rsquo;Economie est l\u00e0 pour \u00ab\u00a0poser des questions\u00a0\u00bb"},"content":{"rendered":"<p>Le ministre de l&rsquo;Economie et des Finances, Thierry Breton, a expliqu\u00e9 vendredi sur France Inter que sa r\u00e9cente proposition de multiplier les p\u00e9riodes de soldes, qui a donn\u00e9 lieu \u00e0 une pol\u00e9mique, avait pour but de \u00ab\u00a0poser des questions\u00a0\u00bb.<\/p>\n<p>\u00ab\u00a0Je suis le ministre de l&rsquo;Economie, j&rsquo;essaie de remettre l&rsquo;\u00e9conomie au go\u00fbt du jour, de l&rsquo;expliquer aux Fran\u00e7ais, et il faudra que l&rsquo;on s&rsquo;habitue \u00e0 ce que le ministre de l&rsquo;Economie pose des questions\u00a0\u00bb, a-t-il argument\u00e9.<\/p>\n<p>M. Breton a rappel\u00e9 que \u00ab\u00a0tous les grands pays au monde ont modernis\u00e9 leurs soldes\u00a0\u00bb, citant l&rsquo;Allemagne, la Grande-Bretagne et l&rsquo;Italie.<\/p>\n<p>La F\u00e9d\u00e9ration nationale de l&rsquo;habillement s&rsquo;est \u00e9lev\u00e9e cette semaine avec force contre cette proposition, et le ministre des PME et du Commerce, Renaud Dutreil, a estim\u00e9, dans la m\u00eame ligne, qu&rsquo;on ne pouvait pas \u00ab\u00a0multiplier les ventes \u00e0 perte au risque de voir le petit commerce dispara\u00eetre\u00a0\u00bb.<\/p>\n<p>\u00ab\u00a0J&rsquo;ai invit\u00e9 tout le monde \u00e0 Bercy, tout le monde viendra.<\/p>\n<p>Les associations de consommateurs sont tr\u00e8s pour, la F\u00e9d\u00e9ration de l&rsquo;habillement f\u00e9minin est tr\u00e8s pour\u00a0\u00bb, a-t-il soulign\u00e9.<\/p>\n<p>Fanch<\/p>\n","protected":false},"excerpt":{"rendered":"<p>Le ministre de l&rsquo;Economie et des Finances, Thierry Breton, a expliqu\u00e9 vendredi sur France Inter que sa r\u00e9cente proposition de multiplier les p\u00e9riodes de soldes, qui a donn\u00e9 lieu \u00e0 une pol\u00e9mique, avait pour but de \u00ab\u00a0poser des questions\u00a0\u00bb. \u00ab\u00a0Je suis le ministre de l&rsquo;Economie, j&rsquo;essaie de remettre l&rsquo;\u00e9conomie au go\u00fbt du jour, de l&rsquo;expliquer [&hellip;]<\/p>\n","protected":false},"author":1,"featured_media":0,"comment_status":"closed","ping_status":"open","sticky":false,"template":"","format":"standard","meta":{"_citadela_custom_class":"","footnotes":""},"categories":[17],"tags":[],"class_list":["post-5779","post","type-post","status-publish","format-standard","hentry","category-economia"],"_links":{"self":[{"href":"https:\/\/destinationcyber.com\/index.php?rest_route=\/wp\/v2\/posts\/5779","targetHints":{"allow":["GET"]}}],"collection":[{"href":"https:\/\/destinationcyber.com\/index.php?rest_route=\/wp\/v2\/posts"}],"about":[{"href":"https:\/\/destinationcyber.com\/index.php?rest_route=\/wp\/v2\/types\/post"}],"author":[{"embeddable":true,"href":"https:\/\/destinationcyber.com\/index.php?rest_route=\/wp\/v2\/users\/1"}],"replies":[{"embeddable":true,"href":"https:\/\/destinationcyber.com\/index.php?rest_route=%2Fwp%2Fv2%2Fcomments&post=5779"}],"version-history":[{"count":0,"href":"https:\/\/destinationcyber.com\/index.php?rest_route=\/wp\/v2\/posts\/5779\/revisions"}],"wp:attachment":[{"href":"https:\/\/destinationcyber.com\/index.php?rest_route=%2Fwp%2Fv2%2Fmedia&parent=5779"}],"wp:term":[{"taxonomy":"category","embeddable":true,"href":"https:\/\/destinationcyber.com\/index.php?rest_route=%2Fwp%2Fv2%2Fcategories&post=5779"},{"taxonomy":"post_tag","embeddable":true,"href":"https:\/\/destinationcyber.com\/index.php?rest_route=%2Fwp%2Fv2%2Ftags&post=5779"}],"curies":[{"name":"wp","href":"https:\/\/api.w.org\/{rel}","templated":true}]}}