{"id":5744,"date":"2006-01-06T12:10:09","date_gmt":"2006-01-06T11:10:09","guid":{"rendered":"https:\/\/destinationcyber.com\/?p=5744"},"modified":"2006-01-06T12:10:09","modified_gmt":"2006-01-06T11:10:09","slug":"reforme-sociales-les-secteurs-seront-peut-etre-tentes-dinvestir-non-pas-en-materiel-mais-en-capital-humain","status":"publish","type":"post","link":"https:\/\/destinationcyber.com\/?p=5744","title":{"rendered":"R\u00e9forme sociales:  les secteurs seront peut-\u00eatre tent\u00e9s d&rsquo;investir non pas en mat\u00e9riel mais en capital humain"},"content":{"rendered":"<p>La r\u00e9forme du financement de la protection sociale annonc\u00e9e par Jacques Chirac, en \u00e9largissant l&rsquo;assiette des cotisations des entreprises \u00e0 l&rsquo;ensemble de la valeur ajout\u00e9e, b\u00e9n\u00e9ficiera \u00e0 certains secteurs et en p\u00e9nalisera d&rsquo;autres, sans que les cons\u00e9quences sur l&#8217;emploi n&rsquo;apparaissent clairement.<\/p>\n<p>Pour \u00e9valuer quelles entreprises seront b\u00e9n\u00e9ficiaires de la mesure et lesquelles y perdront, il faut se demander \u00ab\u00a0quels sont les secteurs \u00e0 fort besoin de main d&rsquo;oeuvre et ceux \u00e0 forte richesse produite\u00a0\u00bb, r\u00e9sume Ludovic Vanhove, fiscaliste au cabinet d&rsquo;avocats am\u00e9ricain Baker et McKenzie.<\/p>\n<p>Pour lui, les premiers pourraient tirer profit de cette mesure, comme les entreprises \u00ab\u00a0du b\u00e2timent, de la restauration et de l&rsquo;h\u00f4tellerie, de la distribution et dans une certaine mesure de l&rsquo;industrie lourde classique\u00a0\u00bb.<\/p>\n<p>A l&rsquo;inverse, les entreprises p\u00e9nalis\u00e9es sont \u00ab\u00a0celles qui sont tr\u00e8s capitalistiques, dans lesquelles on utilise beaucoup de machines co\u00fbteuses\u00a0\u00bb, explique G\u00e9rard Cornilleau, \u00e9conomiste \u00e0 l&rsquo;Observatoire fran\u00e7ais des conjonctures \u00e9conomiques (OFCE).<\/p>\n<p>Certaines voix se sont d\u00e9j\u00e0 \u00e9lev\u00e9es contre la cr\u00e9ation de la cotisation valeur ajout\u00e9e (CVA).<\/p>\n<p>Pour Laurence Parisot, la pr\u00e9sidente du Medef, elle va \u00ab\u00a0p\u00e9naliser l&rsquo;investissement, notamment dans les nouvelles technologies\u00a0\u00bb, en \u00ab\u00a0chargeant les investissements de cotisations qu&rsquo;ils ne subissent pas aujourd&rsquo;hui\u00a0\u00bb.<\/p>\n<p>Le rapport Malinvaud, publi\u00e9 en 1998, soulignait d\u00e9j\u00e0 que l&rsquo;assiette valeur ajout\u00e9e risquait d&rsquo;affecter d\u00e9favorablement le dynamisme des entreprises, surtout des plus innovantes.<\/p>\n<p>Du c\u00f4t\u00e9 des critiques, le pr\u00e9sident de la commission des finances du S\u00e9nat, Jean Arthuis (UDF), a qualifi\u00e9 cette cotisation d \u00ab\u00a0encouragement \u00e0 la d\u00e9localisation\u00a0\u00bb.<\/p>\n<p>Entre risque pour l&rsquo;innovation et tentation des d\u00e9localisations, les cons\u00e9quences d&rsquo;une telle mesure sont difficiles \u00e0 \u00e9valuer en termes d&rsquo;impact sur l&#8217;emploi, d&rsquo;autant qu&rsquo;\u00e0 l&rsquo;inverse, dans le b\u00e2timent et la distribution elle \u00ab\u00a0peut \u00eatre source de cr\u00e9ations d&#8217;emplois car ces secteurs seront peut-\u00eatre tent\u00e9s d&rsquo;investir non pas en mat\u00e9riel mais en capital humain\u00a0\u00bb, selon les avocats de Baker et McKenzie.<\/p>\n<p>Fanch\t<\/p>\n","protected":false},"excerpt":{"rendered":"<p>La r\u00e9forme du financement de la protection sociale annonc\u00e9e par Jacques Chirac, en \u00e9largissant l&rsquo;assiette des cotisations des entreprises \u00e0 l&rsquo;ensemble de la valeur ajout\u00e9e, b\u00e9n\u00e9ficiera \u00e0 certains secteurs et en p\u00e9nalisera d&rsquo;autres, sans que les cons\u00e9quences sur l&#8217;emploi n&rsquo;apparaissent clairement. Pour \u00e9valuer quelles entreprises seront b\u00e9n\u00e9ficiaires de la mesure et lesquelles y perdront, il [&hellip;]<\/p>\n","protected":false},"author":1,"featured_media":0,"comment_status":"closed","ping_status":"open","sticky":false,"template":"","format":"standard","meta":{"_citadela_custom_class":"","footnotes":""},"categories":[16],"tags":[],"class_list":["post-5744","post","type-post","status-publish","format-standard","hentry","category-bricabrac"],"_links":{"self":[{"href":"https:\/\/destinationcyber.com\/index.php?rest_route=\/wp\/v2\/posts\/5744","targetHints":{"allow":["GET"]}}],"collection":[{"href":"https:\/\/destinationcyber.com\/index.php?rest_route=\/wp\/v2\/posts"}],"about":[{"href":"https:\/\/destinationcyber.com\/index.php?rest_route=\/wp\/v2\/types\/post"}],"author":[{"embeddable":true,"href":"https:\/\/destinationcyber.com\/index.php?rest_route=\/wp\/v2\/users\/1"}],"replies":[{"embeddable":true,"href":"https:\/\/destinationcyber.com\/index.php?rest_route=%2Fwp%2Fv2%2Fcomments&post=5744"}],"version-history":[{"count":0,"href":"https:\/\/destinationcyber.com\/index.php?rest_route=\/wp\/v2\/posts\/5744\/revisions"}],"wp:attachment":[{"href":"https:\/\/destinationcyber.com\/index.php?rest_route=%2Fwp%2Fv2%2Fmedia&parent=5744"}],"wp:term":[{"taxonomy":"category","embeddable":true,"href":"https:\/\/destinationcyber.com\/index.php?rest_route=%2Fwp%2Fv2%2Fcategories&post=5744"},{"taxonomy":"post_tag","embeddable":true,"href":"https:\/\/destinationcyber.com\/index.php?rest_route=%2Fwp%2Fv2%2Ftags&post=5744"}],"curies":[{"name":"wp","href":"https:\/\/api.w.org\/{rel}","templated":true}]}}