{"id":5719,"date":"2006-01-03T18:15:43","date_gmt":"2006-01-03T17:15:43","guid":{"rendered":"https:\/\/destinationcyber.com\/?p=5719"},"modified":"2006-01-03T18:15:43","modified_gmt":"2006-01-03T17:15:43","slug":"free-seul-responsable-de-ses-lenteurs-dans-le-degroupage-total-en-cote-dor","status":"publish","type":"post","link":"https:\/\/destinationcyber.com\/?p=5719","title":{"rendered":"Free seul responsable de ses lenteurs dans le d\u00e9groupage total en C\u00f4te d&rsquo;Or"},"content":{"rendered":"<p>Au mois de septembre, l&rsquo;association de d\u00e9fense des consommateurs a demand\u00e9 \u00e0 Free d&rsquo;obtenir le d\u00e9groupage total en C\u00f4te d&rsquo;Or pour ne plus \u00eatre d\u00e9pendant de France T\u00e9l\u00e9com.<\/p>\n<p>L&rsquo;association se retrouve au mois de novembre sans connexion ADSL, avec des factures Free qui arrivent toujours dans la bo\u00eete aux lettres, et des factures d&rsquo;abonnement de France T\u00e9l\u00e9com.<\/p>\n<p>Le juge de proximit\u00e9 de Dijon a consid\u00e9r\u00e9 que le FAI ne pouvait pas se retrancher derri\u00e8re la soi-disant responsabilit\u00e9 de l&rsquo;op\u00e9rateur historique pour se justifier, il a donc estim\u00e9 dans son verdict, que le groupe devait payer des dommages et int\u00e9r\u00eats.<\/p>\n<p>L&rsquo;UFC-Que Choisir C\u00f4te d&rsquo;Or, a obtenu une r\u00e9paration d&rsquo;un montant de 695 euros. Pour la premi\u00e8re fois le juge a suivi le principe \u00ab\u00a0r\u00e9cemment inscrit dans le code de la consommation de la responsabilit\u00e9 de plein droit\u00a0\u00bb issu de la loi sur la confiance en l&rsquo;\u00e9conomie num\u00e9rique du 21 juin 2004.<\/p>\n<p>En estimant que Free \u00e9tait le seul responsable de ses lenteurs dans le d\u00e9groupage, le juge a ouvert une porte \u00e0 l&rsquo;UFC qui pourrait s&rsquo;y engouffrer et peut-\u00eatre regrouper les nombreuses plaintes contre Free et celles qui visent d&rsquo;autres FAI.<\/p>\n<p>Fanch<\/p>\n","protected":false},"excerpt":{"rendered":"<p>Au mois de septembre, l&rsquo;association de d\u00e9fense des consommateurs a demand\u00e9 \u00e0 Free d&rsquo;obtenir le d\u00e9groupage total en C\u00f4te d&rsquo;Or pour ne plus \u00eatre d\u00e9pendant de France T\u00e9l\u00e9com. L&rsquo;association se retrouve au mois de novembre sans connexion ADSL, avec des factures Free qui arrivent toujours dans la bo\u00eete aux lettres, et des factures d&rsquo;abonnement de [&hellip;]<\/p>\n","protected":false},"author":1,"featured_media":0,"comment_status":"closed","ping_status":"open","sticky":false,"template":"","format":"standard","meta":{"_citadela_custom_class":"","footnotes":""},"categories":[19],"tags":[],"class_list":["post-5719","post","type-post","status-publish","format-standard","hentry","category-e-droit"],"_links":{"self":[{"href":"https:\/\/destinationcyber.com\/index.php?rest_route=\/wp\/v2\/posts\/5719","targetHints":{"allow":["GET"]}}],"collection":[{"href":"https:\/\/destinationcyber.com\/index.php?rest_route=\/wp\/v2\/posts"}],"about":[{"href":"https:\/\/destinationcyber.com\/index.php?rest_route=\/wp\/v2\/types\/post"}],"author":[{"embeddable":true,"href":"https:\/\/destinationcyber.com\/index.php?rest_route=\/wp\/v2\/users\/1"}],"replies":[{"embeddable":true,"href":"https:\/\/destinationcyber.com\/index.php?rest_route=%2Fwp%2Fv2%2Fcomments&post=5719"}],"version-history":[{"count":0,"href":"https:\/\/destinationcyber.com\/index.php?rest_route=\/wp\/v2\/posts\/5719\/revisions"}],"wp:attachment":[{"href":"https:\/\/destinationcyber.com\/index.php?rest_route=%2Fwp%2Fv2%2Fmedia&parent=5719"}],"wp:term":[{"taxonomy":"category","embeddable":true,"href":"https:\/\/destinationcyber.com\/index.php?rest_route=%2Fwp%2Fv2%2Fcategories&post=5719"},{"taxonomy":"post_tag","embeddable":true,"href":"https:\/\/destinationcyber.com\/index.php?rest_route=%2Fwp%2Fv2%2Ftags&post=5719"}],"curies":[{"name":"wp","href":"https:\/\/api.w.org\/{rel}","templated":true}]}}