{"id":5716,"date":"2006-01-02T14:06:37","date_gmt":"2006-01-02T13:06:37","guid":{"rendered":"https:\/\/destinationcyber.com\/?p=5716"},"modified":"2006-01-02T14:06:37","modified_gmt":"2006-01-02T13:06:37","slug":"425-voitures-incendiees-dans-53-departements-reflent-un-echec-du-gouvernement-en-place-en-matiere-de-securite","status":"publish","type":"post","link":"https:\/\/destinationcyber.com\/?p=5716","title":{"rendered":"425 voitures incendi\u00e9es dans 53 d\u00e9partements, reflent un \u00ab\u00a0\u00e9chec du gouvernement en place\u00a0\u00bb en mati\u00e8re de s\u00e9curit\u00e9."},"content":{"rendered":"<p><em>La pol\u00e9mique entre le Parti socialiste et le gouvernement sur les incidents de la nuit de la Saint-Sylvestre en France se poursuit<\/em>.<\/p>\n<p>Le pr\u00e9sident du groupe PS \u00e0 l&rsquo;Assembl\u00e9e nationale, Jean-Marc Ayrault, a estim\u00e9 que ces incidents &#8211; 425 voitures incendi\u00e9es dans 53 d\u00e9partements, selon un bilan \u00e9tabli par le minist\u00e8re de l&rsquo;Int\u00e9rieur &#8211; refl\u00e9taient un \u00ab\u00a0\u00e9chec du gouvernement en place\u00a0\u00bb en mati\u00e8re de s\u00e9curit\u00e9.<\/p>\n<p>\u00ab\u00a0Il y a eu une grande mobilisation, \u00e0 la fois de la police mais aussi des mairies (&#8230;) Il y a aussi des associations qui se sont mobilis\u00e9es\u00a0\u00bb, a-t-il dit au micro d&rsquo;Europe 1.<\/p>\n<p>Le ministre d\u00e9l\u00e9gu\u00e9 au Budget et porte-parole du gouvernement Jean-Fran\u00e7ois Cop\u00e9, a admis que la Saint-Sylvestre ne s&rsquo;\u00e9tait \u00ab\u00a0pas bien pass\u00e9e\u00a0\u00bb mais il a mis en avant le nombre d&rsquo;interpellations effectu\u00e9es par les forces de l&rsquo;ordre (362 au lieu de 272 lors de la Saint-Sylvestre 2004).<\/p>\n<p>\u00ab\u00a0C&rsquo;est vrai qu&rsquo;il y a un nombre un peu plus important de voitures br\u00fbl\u00e9es que l&rsquo;an dernier mais je crois en m\u00eame temps qu&rsquo;il y avait beaucoup plus d&rsquo;interpellations et donc une r\u00e9ponse publique, de l&rsquo;autorit\u00e9 publique\u00a0\u00bb, a-t-il ajout\u00e9.<\/p>\n<p>Fanch<\/p>\n","protected":false},"excerpt":{"rendered":"<p>La pol\u00e9mique entre le Parti socialiste et le gouvernement sur les incidents de la nuit de la Saint-Sylvestre en France se poursuit. Le pr\u00e9sident du groupe PS \u00e0 l&rsquo;Assembl\u00e9e nationale, Jean-Marc Ayrault, a estim\u00e9 que ces incidents &#8211; 425 voitures incendi\u00e9es dans 53 d\u00e9partements, selon un bilan \u00e9tabli par le minist\u00e8re de l&rsquo;Int\u00e9rieur &#8211; refl\u00e9taient [&hellip;]<\/p>\n","protected":false},"author":1,"featured_media":0,"comment_status":"closed","ping_status":"open","sticky":false,"template":"","format":"standard","meta":{"_citadela_custom_class":"","footnotes":""},"categories":[15],"tags":[],"class_list":["post-5716","post","type-post","status-publish","format-standard","hentry","category-securite"],"_links":{"self":[{"href":"https:\/\/destinationcyber.com\/index.php?rest_route=\/wp\/v2\/posts\/5716","targetHints":{"allow":["GET"]}}],"collection":[{"href":"https:\/\/destinationcyber.com\/index.php?rest_route=\/wp\/v2\/posts"}],"about":[{"href":"https:\/\/destinationcyber.com\/index.php?rest_route=\/wp\/v2\/types\/post"}],"author":[{"embeddable":true,"href":"https:\/\/destinationcyber.com\/index.php?rest_route=\/wp\/v2\/users\/1"}],"replies":[{"embeddable":true,"href":"https:\/\/destinationcyber.com\/index.php?rest_route=%2Fwp%2Fv2%2Fcomments&post=5716"}],"version-history":[{"count":0,"href":"https:\/\/destinationcyber.com\/index.php?rest_route=\/wp\/v2\/posts\/5716\/revisions"}],"wp:attachment":[{"href":"https:\/\/destinationcyber.com\/index.php?rest_route=%2Fwp%2Fv2%2Fmedia&parent=5716"}],"wp:term":[{"taxonomy":"category","embeddable":true,"href":"https:\/\/destinationcyber.com\/index.php?rest_route=%2Fwp%2Fv2%2Fcategories&post=5716"},{"taxonomy":"post_tag","embeddable":true,"href":"https:\/\/destinationcyber.com\/index.php?rest_route=%2Fwp%2Fv2%2Ftags&post=5716"}],"curies":[{"name":"wp","href":"https:\/\/api.w.org\/{rel}","templated":true}]}}