{"id":5713,"date":"2006-01-01T21:15:28","date_gmt":"2006-01-01T20:15:28","guid":{"rendered":"https:\/\/destinationcyber.com\/?p=5713"},"modified":"2006-01-01T21:15:28","modified_gmt":"2006-01-01T20:15:28","slug":"distributeurs-et-industriels-francais-saccusent-mutuellement-de-freiner-la-baisse-des-prix","status":"publish","type":"post","link":"https:\/\/destinationcyber.com\/?p=5713","title":{"rendered":"Distributeurs et industriels fran\u00e7ais s&rsquo;accusent mutuellement de freiner la baisse des prix"},"content":{"rendered":"<p>Distributeurs et industriels fran\u00e7ais s&rsquo;accusent mutuellement de freiner la baisse des prix en France au moment o\u00f9 la r\u00e9forme de la loi Galland, cens\u00e9e r\u00e9guler leurs relations commerciales, entre en vigueur le 1er janvier.<\/p>\n<p>D&rsquo;un c\u00f4t\u00e9, les distributeurs d\u00e9noncent des hausses de tarifs exag\u00e9r\u00e9es demand\u00e9es pour les grandes marques par les industriels, qui les accusent en retour de ne pas vouloir rogner sur leurs marges.<\/p>\n<p>La r\u00e9forme, orchestr\u00e9e par le ministre des PME et du Commerce Renaud Dutreil, peut engendrer \u00ab\u00a0des baisses de 10 \u00e0 15% sur plusieurs centaines de produits de marque\u00a0\u00bb, affirme Michel-Edouard Leclerc, PDG des Centres E.Leclerc, sur son blog.<\/p>\n<p>\u00ab\u00a0Il y a 5.000 \u00e0 10.000 marques qui pourraient baisser de plusieurs\u00a0\u00bb points de pourcentage d\u00e8s d\u00e9but janvier, rench\u00e9rit Marie-H\u00e9l\u00e8ne Boidin-Dubrule, directrice de la communication d&rsquo;Auchan.<\/p>\n<p>Serge Papin, PDG du groupe Syst\u00e8me U, plus nuanc\u00e9, juge que \u00ab\u00a0l\u00e0 o\u00f9 il risque d&rsquo;y avoir de l&rsquo;agressivit\u00e9 c&rsquo;est sur les prix en promotion, donc sur les catalogues\u00a0\u00bb.<\/p>\n<p>La r\u00e9forme concoct\u00e9e par Renaud Dutreil abaisse le \u00ab\u00a0seuil de revente \u00e0 perte\u00a0\u00bb autoris\u00e9 et doit permettre aux distributeurs de diminuer les prix en y r\u00e9percutant imm\u00e9diatement les rabais octroy\u00e9s par leurs fournisseurs.<\/p>\n<p>Les distributeurs accusent les industriels de faire fi du mouvement g\u00e9n\u00e9ral de baisse des prix dans la distribution en France et de demander des hausses exag\u00e9r\u00e9es des tarifs de leurs marques phare.<\/p>\n<p>\u00ab\u00a0Certains fournisseurs (&#8230;) avec en t\u00eate Procter and Gamble, Unilever, L&rsquo;Or\u00e9al ou dans une moindre mesure Danone (&#8230;) veulent augmenter leurs tarifs de 5 \u00e0 10%\u00a0\u00bb, d\u00e9non\u00e7ait jeudi Michel-Edouard Leclerc dans le Figaro.<\/p>\n<p>Serge Papin s&rsquo;insurge lui aussi: \u00ab\u00a0Tout ce qui est au-dessus de 2% me para\u00eet excessif\u00a0\u00bb.<\/p>\n<p>Leclerc et Syst\u00e8me U menacent de retirer de leurs rayons les grandes marques trop gourmandes pour les remplacer par des labels distributeurs.<\/p>\n<p>Si les industriels vis\u00e9s s&rsquo;en tiennent pour leur part au silence radio, refusant de commenter ces attaques, le pr\u00e9sident de l&rsquo;Association nationale des industries alimentaires (Ania), Jean-Ren\u00e9 Buisson, a renvoy\u00e9 la balle dans le camp des distributeurs.<\/p>\n<p>Fanch<\/p>\n","protected":false},"excerpt":{"rendered":"<p>Distributeurs et industriels fran\u00e7ais s&rsquo;accusent mutuellement de freiner la baisse des prix en France au moment o\u00f9 la r\u00e9forme de la loi Galland, cens\u00e9e r\u00e9guler leurs relations commerciales, entre en vigueur le 1er janvier. D&rsquo;un c\u00f4t\u00e9, les distributeurs d\u00e9noncent des hausses de tarifs exag\u00e9r\u00e9es demand\u00e9es pour les grandes marques par les industriels, qui les accusent [&hellip;]<\/p>\n","protected":false},"author":1,"featured_media":0,"comment_status":"closed","ping_status":"open","sticky":false,"template":"","format":"standard","meta":{"_citadela_custom_class":"","footnotes":""},"categories":[17],"tags":[],"class_list":["post-5713","post","type-post","status-publish","format-standard","hentry","category-economia"],"_links":{"self":[{"href":"https:\/\/destinationcyber.com\/index.php?rest_route=\/wp\/v2\/posts\/5713","targetHints":{"allow":["GET"]}}],"collection":[{"href":"https:\/\/destinationcyber.com\/index.php?rest_route=\/wp\/v2\/posts"}],"about":[{"href":"https:\/\/destinationcyber.com\/index.php?rest_route=\/wp\/v2\/types\/post"}],"author":[{"embeddable":true,"href":"https:\/\/destinationcyber.com\/index.php?rest_route=\/wp\/v2\/users\/1"}],"replies":[{"embeddable":true,"href":"https:\/\/destinationcyber.com\/index.php?rest_route=%2Fwp%2Fv2%2Fcomments&post=5713"}],"version-history":[{"count":0,"href":"https:\/\/destinationcyber.com\/index.php?rest_route=\/wp\/v2\/posts\/5713\/revisions"}],"wp:attachment":[{"href":"https:\/\/destinationcyber.com\/index.php?rest_route=%2Fwp%2Fv2%2Fmedia&parent=5713"}],"wp:term":[{"taxonomy":"category","embeddable":true,"href":"https:\/\/destinationcyber.com\/index.php?rest_route=%2Fwp%2Fv2%2Fcategories&post=5713"},{"taxonomy":"post_tag","embeddable":true,"href":"https:\/\/destinationcyber.com\/index.php?rest_route=%2Fwp%2Fv2%2Ftags&post=5713"}],"curies":[{"name":"wp","href":"https:\/\/api.w.org\/{rel}","templated":true}]}}