{"id":553,"date":"2002-12-23T00:00:00","date_gmt":"2002-12-22T23:00:00","guid":{"rendered":"https:\/\/destinationcyber.com\/?p=553"},"modified":"2002-12-23T00:00:00","modified_gmt":"2002-12-22T23:00:00","slug":"le-droit-a-la-copie-privee-remis-en-question","status":"publish","type":"post","link":"https:\/\/destinationcyber.com\/?p=553","title":{"rendered":"Le droit \u00e0 la copie priv\u00e9e remis en question ?"},"content":{"rendered":"<p class=\"post_excerpt\">Un projet de loi fran\u00e7ais sur l&rsquo;harmonisation du droit d&rsquo;auteur en Europe risque de remettre en cause le droit \u00e0 la copie priv\u00e9e. Pour se faire entendre et offrir au grand public une fen\u00eatre d&rsquo;expression, la Free Software Foundation France lance le projet EUCD.info. Il y a urgence. Les contre-propositions doivent \u00eatre rendues avant la fin de l&rsquo;ann\u00e9e. <\/p>\n<p>Le 22 d\u00e9cembre, la directive europ\u00e9enne du 22 mai 2001, qui porte sur l&rsquo;harmonisation du droit d&rsquo;auteur et des droits voisins dans la soci\u00e9t\u00e9 de l&rsquo;information en Europe, est devenu effective. Celle-ci porte notamment sur la protection du droit d&rsquo;auteur et sur son harmonisation \u00e0 l&rsquo;\u00e9chelle europ\u00e9enne afin d&rsquo;en faciliter l&rsquo;exploitation commerciale et, surtout, sur la l\u00e9gitimit\u00e9 des syst\u00e8mes de protection, comme les proc\u00e9d\u00e9s anticopie caract\u00e9ristiques des DVD vid\u00e9o et que l&rsquo;on trouve d\u00e9sormais sur certains CD audio. A priori, la directive europ\u00e9enne, dont s&rsquo;inspire un projet de loi du gouvernement fran\u00e7ais, part d&rsquo;une bonne intention, celle de r\u00e9primer la contrefa\u00e7on et le piratage d&rsquo;\u0153uvres artistiques notamment. Mais au final, elle remet en cause le droit \u00e0 la copie priv\u00e9e, qui autorise la duplication d&rsquo;une \u0153uvre originale \u00e0 des fins strictement personnelles. <\/p>\n<p>Selon la Free Software Foundation France (Fondation pour le logiciel libre), le principe du droit \u00e0 la copie priv\u00e9e &#8211; qui autorise la cr\u00e9ation de compilations sur son disque dur \u00e0 partir de ses CD ou la gravure des disques sur CD-Rom pour en disposer \u00e0 partir de diff\u00e9rents lieux g\u00e9ographiques- risque d&rsquo;\u00eatre remis en cause. \u00ab\u00a0L&rsquo;avant-projet de loi relatif \u00e0 &lsquo;l&rsquo;harmonisation de certains aspects du droit d&rsquo;auteur et des droits voisins dans la soci\u00e9t\u00e9 de l&rsquo;information&rsquo;, d\u00e9battu pour la premi\u00e8re fois le 5 d\u00e9cembre 2002 par le Conseil Sup\u00e9rieur de la Propri\u00e9t\u00e9 Litt\u00e9raire et Artistique (CSPLA), fait peser une menace d&rsquo;une ampleur encore ind\u00e9termin\u00e9e sur ces pratiques\u00a0\u00bb, \u00e9crivent les responsables de l&rsquo;association. <\/p>\n<p>Le temps de la r\u00e9flexion <\/p>\n<p>Surtout, la FSF France souligne que les propositions de correction doivent \u00eatre arr\u00eat\u00e9es avant la fin de l&rsquo;ann\u00e9e en vue d&rsquo;une adoption \u00e9ventuelle de la loi d\u00e9but 2003. \u00ab\u00a0Pourquoi une telle pr\u00e9cipitation \u00e0 l\u00e9gif\u00e9rer sur un sujet aussi d\u00e9licat ? La France sait prendre le temps de la r\u00e9flexion dans l&rsquo;application des directives europ\u00e9ennes lorsque cela s&rsquo;av\u00e8re n\u00e9cessaire\u00a0\u00bb, s&rsquo;interroge la FSF France. D&rsquo;autant que le mouvement du logiciel libre n&rsquo;est ni repr\u00e9sent\u00e9, ni invit\u00e9 aux d\u00e9bats men\u00e9s par le CSLPA rattach\u00e9 au minist\u00e8re de la Culture. <\/p>\n<p>Plus grave, selon l&rsquo;APRIL (Association pour la Promotion et la Recherche en Informatique Libre), le projet de loi irait bien au-del\u00e0 des propositions de la directive europ\u00e9enne en autorisant des organisations priv\u00e9es comme la BSA (Business Software Alliance) \u00e0 se substituer purement et simplement aux auteurs, sans forc\u00e9ment les consulter. \u00ab\u00a0La BSA, \u00e9crit l&rsquo;APRIL, pourrait aussi perquisitionner dans les entreprises.\u00a0\u00bb Rappelons que la BSA, dont Microsoft est l&rsquo;un des membres les plus repr\u00e9sentatifs, a pour objet de lutter contre l&rsquo;usage illicite de logiciels. \u00ab\u00a0Si le projet de loi est approuv\u00e9, n&rsquo;importe quel proc\u00e9d\u00e9 baptis\u00e9 &lsquo;contr\u00f4le d&rsquo;utilisation&rsquo; (article 14 de l&rsquo;avant-projet) d\u00e9cidera de ce que vous avez le droit de faire ou non, \u00e0 la discr\u00e9tion de l&rsquo;auteur\u00a0\u00bb, lit-on dans un communiqu\u00e9 de l&rsquo;APRIL. <\/p>\n<p>Appel \u00e0 la mobilisation des utilisateurs <\/p>\n<p>Bref, sous couvert de lutte contre le piratage et d&rsquo;harmonisation des droits d&rsquo;utilisation, les libert\u00e9 individuelles risquent d&rsquo;en prendre un coup si la loi est adopt\u00e9e. Fort de ce constat, la FSF France a lanc\u00e9 un appel de fonds. Baptis\u00e9 Eucd.info, les dons recueillis serviront principalement \u00e0 \u00ab\u00a0r\u00e9diger et promouvoir des propositions l\u00e9gislatives destin\u00e9es \u00e0 pr\u00e9server les int\u00e9r\u00eats du grand public\u00a0\u00bb. \u00ab\u00a0Les modifications envisag\u00e9es dans la loi peuvent menacer les libert\u00e9s associ\u00e9es au logiciel\u00a0\u00bb, d\u00e9clare Fr\u00e9d\u00e9ric Couchet, pr\u00e9sident de la FSF France, \u00ab\u00a0mais nous esp\u00e9rons faire prendre conscience au grand public que cette menace s&rsquo;\u00e9tend \u00e0 bien d&rsquo;autres domaines.\u00a0\u00bb H\u00e9las, la p\u00e9riode des f\u00eates n&rsquo;est peut-\u00eatre pas propice \u00e0 la mobilisation&#8230; <\/p>\n<p>[source &#8211; vnunet.fr]<\/p>\n","protected":false},"excerpt":{"rendered":"<p>Un projet de loi fran\u00e7ais sur l&rsquo;harmonisation du droit d&rsquo;auteur en Europe risque de remettre en cause le droit \u00e0 la copie priv\u00e9e. Pour se faire entendre et offrir au grand public une fen\u00eatre d&rsquo;expression, la Free Software Foundation France lance le projet EUCD.info. Il y a urgence. Les contre-propositions doivent \u00eatre rendues avant la fin de l&rsquo;ann\u00e9e. <\/p>\n","protected":false},"author":1,"featured_media":0,"comment_status":"closed","ping_status":"open","sticky":false,"template":"","format":"standard","meta":{"_citadela_custom_class":"","footnotes":""},"categories":[16],"tags":[],"class_list":["post-553","post","type-post","status-publish","format-standard","hentry","category-bricabrac"],"_links":{"self":[{"href":"https:\/\/destinationcyber.com\/index.php?rest_route=\/wp\/v2\/posts\/553","targetHints":{"allow":["GET"]}}],"collection":[{"href":"https:\/\/destinationcyber.com\/index.php?rest_route=\/wp\/v2\/posts"}],"about":[{"href":"https:\/\/destinationcyber.com\/index.php?rest_route=\/wp\/v2\/types\/post"}],"author":[{"embeddable":true,"href":"https:\/\/destinationcyber.com\/index.php?rest_route=\/wp\/v2\/users\/1"}],"replies":[{"embeddable":true,"href":"https:\/\/destinationcyber.com\/index.php?rest_route=%2Fwp%2Fv2%2Fcomments&post=553"}],"version-history":[{"count":0,"href":"https:\/\/destinationcyber.com\/index.php?rest_route=\/wp\/v2\/posts\/553\/revisions"}],"wp:attachment":[{"href":"https:\/\/destinationcyber.com\/index.php?rest_route=%2Fwp%2Fv2%2Fmedia&parent=553"}],"wp:term":[{"taxonomy":"category","embeddable":true,"href":"https:\/\/destinationcyber.com\/index.php?rest_route=%2Fwp%2Fv2%2Fcategories&post=553"},{"taxonomy":"post_tag","embeddable":true,"href":"https:\/\/destinationcyber.com\/index.php?rest_route=%2Fwp%2Fv2%2Ftags&post=553"}],"curies":[{"name":"wp","href":"https:\/\/api.w.org\/{rel}","templated":true}]}}