{"id":522,"date":"2002-12-06T00:00:00","date_gmt":"2002-12-05T23:00:00","guid":{"rendered":"https:\/\/destinationcyber.com\/?p=522"},"modified":"2002-12-06T00:00:00","modified_gmt":"2002-12-05T23:00:00","slug":"vigilance-en-europe-a-lapproche-de-noel-face-aux-menaces-terroristes","status":"publish","type":"post","link":"https:\/\/destinationcyber.com\/?p=522","title":{"rendered":"Vigilance en Europe \u00e0 l&rsquo;approche de No\u00ebl face aux menaces terroristes"},"content":{"rendered":"<p class=\"post_excerpt\">Les pays europ\u00e9ens se montraient vigilants, mais sans ostentation, \u00e0 l&rsquo;approche des f\u00eates de No\u00ebl, apr\u00e8s le message attribu\u00e9 \u00e0 Al-Qa\u00efda qui menace de frapper \u00ab\u00a0les crois\u00e9s et les juifs\u00a0\u00bb. <\/p>\n<p>\u00ab\u00a0Il faut tout simplement rester alerte et vigilant, surtout \u00e0 l&rsquo;approche de No\u00ebl\u00a0\u00bb, a d\u00e9clar\u00e9 r\u00e9cemment le ministre britannique de l&rsquo;Int\u00e9rieur David Blunkett dans un document d\u00e9taillant les mesures prises face aux menaces terroristes, depuis les attentats du 11 septembre 2001. \u00ab\u00a0Il faut faire attention aux colis suspects, aux personnes agissant de fa\u00e7on suspecte dans les gares et les a\u00e9roports et rapporter toute activit\u00e9 suspecte aux autorit\u00e9s\u00a0\u00bb, a-t-il pr\u00e9cis\u00e9. <\/p>\n<p>Ainsi, aucune mesure de s\u00e9curit\u00e9 n&rsquo;\u00e9tait perceptible chez Hameleys, le plus grand magasin de jouets d&rsquo;Angleterre, situ\u00e9 sur Regent Street \u00e0 Londres. En Italie \u00e9galement, la discr\u00e9tion est de mise pour ne pas effrayer les clients. La F\u00e9d\u00e9ration de la grande distribution a demand\u00e9 \u00e0 ses adh\u00e9rents de prendre des mesures \u00ab\u00a0discr\u00e8tes pour ne pas alarmer\u00a0\u00bb, les chalands, comme par exemple des vigiles en civil ou des syst\u00e8mes de cam\u00e9ras. <\/p>\n<p>Dans les grands magasins comme La Rinascente \u00e0 Rome, aucun contr\u00f4le n&rsquo;est exerc\u00e9 et personne ne demande aux clients d&rsquo;ouvrir leurs sacs. En revanche en France, le Premier ministre Jean-Pierre Raffarin a d\u00e9cid\u00e9 de \u00ab\u00a0doubler les moyens\u00a0\u00bb du plan Vigipirate pour la \u00ab\u00a0p\u00e9riode sensible\u00a0\u00bb des f\u00eates de fin d&rsquo;ann\u00e9e. <\/p>\n<p>\u00ab\u00a0La conjonction d&rsquo;une situation internationale et des d\u00e9placements importants de population (sur cette p\u00e9riode) n\u00e9cessite que le gouvernement prenne toutes les mesures de vigilance et de pr\u00e9vention pour assurer la s\u00e9curit\u00e9 de nos concitoyens\u00a0\u00bb, souligne un communiqu\u00e9 du minist\u00e8re. Le plan \u00ab\u00a0Vigipirate renforc\u00e9\u00a0\u00bb mobilise la police, la gendarmerie et l&rsquo;arm\u00e9e. <\/p>\n<p>Ainsi, \u00e0 Strasbourg, dans l&rsquo;Est de la France, la s\u00e9curit\u00e9 du March\u00e9 de No\u00ebl, qui accueille plus de deux millions de visiteurs tout au long du mois d\u00e9cembre, a \u00e9t\u00e9 renforc\u00e9e cette ann\u00e9e, notamment gr\u00e2ce \u00e0 une douzaine de cam\u00e9ras de vid\u00e9o-surveillance et des patrouilles de police. Un attentat avait \u00e9t\u00e9 d\u00e9jou\u00e9 en d\u00e9cembre 2000 visant ce m\u00eame march\u00e9. Quatre islamistes pr\u00e9sum\u00e9s sont jug\u00e9s en Allemagne. <\/p>\n<p>En Belgique aussi, la cha\u00eene de distribution Carrefour a renforc\u00e9 le dispositif durant les f\u00eates. \u00ab\u00a0Une vigilance accrue est demand\u00e9e \u00e0 l&rsquo;ensemble des collaborateurs et le gardiennage, tant \u00e0 l&rsquo;ext\u00e9rieur qu&rsquo;\u00e0 l&rsquo;int\u00e9rieur des magasins, est renforc\u00e9\u00a0\u00bb, a dit jeudi son porte-parole. <\/p>\n<p>La police su\u00e9doise a \u00e9voqu\u00e9 une \u00ab\u00a0attention particuli\u00e8re\u00a0\u00bb lors des f\u00eates de No\u00ebl, li\u00e9es \u00e0 des menaces plus ou moins s\u00e9rieuses d&rsquo;attentats \u00e0 la bombe contre des grands magasins. <\/p>\n<p>Ses coll\u00e8gues polonais \u00e9galement ont \u00ab\u00a0doubl\u00e9 cette ann\u00e9e, \u00e0 l&rsquo;occasion des achats de No\u00ebl, la surveillance des grands magasins, hypermarch\u00e9s et centres commerciaux\u00a0\u00bb a dit le porte-parole de la police Zbigniew Matwiej. <\/p>\n<p>A Madrid, le minist\u00e8re espagnol de l&rsquo;Int\u00e9rieur, souligne que le dispositif anti-terroriste est activ\u00e9 en permanence en raison de la menace repr\u00e9sent\u00e9e par les s\u00e9paratistes basque de l&rsquo;ETA. \u00ab\u00a0Le terrorisme ici en Espagne \u00e9tait d\u00e9j\u00e0 un probl\u00e8me national avant le 11 septembre\u00a0\u00bb, a dit un porte-parole. <\/p>\n<p>En Autriche, en Suisse et aux Pays Bas, la police affirme n&rsquo;avoir pas pris pour les f\u00eates de mesure particuli\u00e8re, mais la mobilisation reste \u00e9lev\u00e9e depuis le 11 septembre. Si \u00e0 Gen\u00e8ve, les patrouilles sont plus nombreuses dans le centre-ville, c&rsquo;est pour lutter contre les voleurs \u00e0 la tire, et aux Pays-Bas, seuls les magasins Ikea o\u00f9 deux bombes ont \u00e9t\u00e9 d\u00e9couvertes mardi soir, ont b\u00e9n\u00e9fici\u00e9 d&rsquo;une s\u00e9curit\u00e9 renforc\u00e9e. \u00ab\u00a0Les frappes (des combattants) islamistes vont se poursuivre si Dieu le veut, et que le monde entier sache bien que la guerre des crois\u00e9s contre l&rsquo;islam et les musulmans est vou\u00e9e \u00e0 l&rsquo;\u00e9chec et ne r\u00e9ussira jamais comme le souhaitent les juifs et les crois\u00e9s\u00a0\u00bb, avait indiqu\u00e9 lundi un message attribu\u00e9 \u00e0 al Qa\u00efda, pr\u00e9sent\u00e9 sur un site islamiste. <\/p>\n<p>[source &#8211; yahoo.com]<\/p>\n","protected":false},"excerpt":{"rendered":"<p>Les pays europ\u00e9ens se montraient vigilants, mais sans ostentation, \u00e0 l&rsquo;approche des f\u00eates de No\u00ebl, apr\u00e8s le message attribu\u00e9 \u00e0 Al-Qa\u00efda qui menace de frapper \u00ab\u00a0les crois\u00e9s et les juifs\u00a0\u00bb. <\/p>\n","protected":false},"author":1,"featured_media":0,"comment_status":"closed","ping_status":"open","sticky":false,"template":"","format":"standard","meta":{"_citadela_custom_class":"","footnotes":""},"categories":[16],"tags":[],"class_list":["post-522","post","type-post","status-publish","format-standard","hentry","category-bricabrac"],"_links":{"self":[{"href":"https:\/\/destinationcyber.com\/index.php?rest_route=\/wp\/v2\/posts\/522","targetHints":{"allow":["GET"]}}],"collection":[{"href":"https:\/\/destinationcyber.com\/index.php?rest_route=\/wp\/v2\/posts"}],"about":[{"href":"https:\/\/destinationcyber.com\/index.php?rest_route=\/wp\/v2\/types\/post"}],"author":[{"embeddable":true,"href":"https:\/\/destinationcyber.com\/index.php?rest_route=\/wp\/v2\/users\/1"}],"replies":[{"embeddable":true,"href":"https:\/\/destinationcyber.com\/index.php?rest_route=%2Fwp%2Fv2%2Fcomments&post=522"}],"version-history":[{"count":0,"href":"https:\/\/destinationcyber.com\/index.php?rest_route=\/wp\/v2\/posts\/522\/revisions"}],"wp:attachment":[{"href":"https:\/\/destinationcyber.com\/index.php?rest_route=%2Fwp%2Fv2%2Fmedia&parent=522"}],"wp:term":[{"taxonomy":"category","embeddable":true,"href":"https:\/\/destinationcyber.com\/index.php?rest_route=%2Fwp%2Fv2%2Fcategories&post=522"},{"taxonomy":"post_tag","embeddable":true,"href":"https:\/\/destinationcyber.com\/index.php?rest_route=%2Fwp%2Fv2%2Ftags&post=522"}],"curies":[{"name":"wp","href":"https:\/\/api.w.org\/{rel}","templated":true}]}}