{"id":519,"date":"2002-12-05T00:00:00","date_gmt":"2002-12-04T23:00:00","guid":{"rendered":"https:\/\/destinationcyber.com\/?p=519"},"modified":"2002-12-05T00:00:00","modified_gmt":"2002-12-04T23:00:00","slug":"chirac-salue-la-memoire-des-soldats-tombes-en-afrique-du-nord","status":"publish","type":"post","link":"https:\/\/destinationcyber.com\/?p=519","title":{"rendered":"Chirac salue la m\u00e9moire des soldats tomb\u00e9s en Afrique du Nord"},"content":{"rendered":"<p class=\"post_excerpt\">Jacques Chirac a salu\u00e9 ce jeudi, \u00ab\u00a0loin des pol\u00e9miques et des passions\u00a0\u00bb, la m\u00e9moire des soldats tu\u00e9s en Afrique du Nord entre 1952 et 1962, \u00e0 l&rsquo;occasion de l&rsquo;inauguration du M\u00e9morial national de la guerre d&rsquo;Alg\u00e9rie et des combats du Maroc et de la Tunisie. <\/p>\n<p>Le chef de l&rsquo;Etat a rendu un hommage tout particulier aux harkis, suppl\u00e9tifs de l&rsquo;arm\u00e9e fran\u00e7aise durant la guerre d&rsquo;Alg\u00e9rie (1954-62) qui ont \u00ab\u00a0pay\u00e9 un tr\u00e8s lourd tribut\u00a0\u00bb, et a affirm\u00e9 que leurs enfants devaient \u00ab\u00a0trouver toute leur place dans notre pays\u00a0\u00bb. <\/p>\n<p>\u00ab\u00a0C&rsquo;est autour de ces soldats de toutes arm\u00e9es et de toutes armes que nous nous recueillons, loin des pol\u00e9miques et des passions. Tous sont unis dans notre souvenir\u00a0\u00bb, a-t-il d\u00e9clar\u00e9. <\/p>\n<p>\u00ab\u00a0Tous ont leur place dans le cort\u00e8ge glorieux des fils de France qui se sont illustr\u00e9s sur tous les continents et ont servi notre pays aux heures les plus tragiques de notre histoire\u00a0\u00bb, a-t-il soulign\u00e9. <\/p>\n<p>Le chef de l&rsquo;Etat a d\u00e9voil\u00e9 le M\u00e9morial, trois colonnes de pr\u00e8s de six m\u00e8tres, sur lesquelles un afficheur \u00e9lectronique &#8211; bleu, blanc, rouge &#8211; fait d\u00e9filer, par ordre alphab\u00e9tique et ann\u00e9e par ann\u00e9e, les noms de 22.959 soldats, dont 3.010 harkis, tu\u00e9s entre 1952 et 1962. <\/p>\n<p>Cette liste, provisoire, pourra \u00eatre compl\u00e9t\u00e9e gr\u00e2ce au syst\u00e8me informatique. <\/p>\n<p>Le monument, dont l&rsquo;\u00e9dification avait \u00e9t\u00e9 d\u00e9cid\u00e9e en 1998, est situ\u00e9 sur la promenade pi\u00e9tonne du quai Branly, dans le VIIe arrondissement de Paris, en surplomb de la Seine. <\/p>\n<p>Devant plusieurs centaines d&rsquo;anciens combattants rassembl\u00e9s sous la pluie, Jacques Chirac a d\u00e9cor\u00e9 une dizaine d&rsquo;entre eux en pr\u00e9sence de Jean-Pierre Raffarin, Mich\u00e8le Alliot-Marie, ministre de la D\u00e9fense, et Hamlaoui Mekachera, secr\u00e9taire d&rsquo;Etat aux Anciens combattants. <\/p>\n<p>\u00ab\u00a0Aujourd&rsquo;hui, au nom de tous les Fran\u00e7ais, je veux rendre l&rsquo;hommage de la Nation aux soldats morts pour la France en Afrique du Nord il y a presque un demi-si\u00e8cle\u00a0\u00bb, a-t-il dit. <\/p>\n<p>Ce monument, a-t-il poursuivi, \u00ab\u00a0signifie que les soldats d&rsquo;Afrique du Nord occupent enfin, comme leur a\u00een\u00e9s de 1914 et 1940, la place qui leur revient dans la m\u00e9moire de notre patrie\u00a0\u00bb. <\/p>\n<p>\u00ab\u00a0DE PROFONDS STIGMATES\u00a0\u00bb <\/p>\n<p>\u00ab\u00a0Quarante ans apr\u00e8s la fin de la guerre d&rsquo;Alg\u00e9rie, apr\u00e8s ces d\u00e9chirements terribles, au terme desquels les pays d&rsquo;Afrique du Nord se sont s\u00e9par\u00e9s de la France, notre R\u00e9publique doit assumer pleinement son devoir de m\u00e9moire\u00a0\u00bb, a-t-il soulign\u00e9, en cette ann\u00e9e de c\u00e9l\u00e9bration du 40e anniversaire de la fin du conflit alg\u00e9rien, marqu\u00e9e le 19 mars 1962 par les accords d&rsquo;Evian. <\/p>\n<p>Le chef de l&rsquo;Etat a ainsi \u00e9voqu\u00e9, \u00ab\u00a0\u00e0 c\u00f4t\u00e9 de ces noms de valeureux que nous arrachons \u00e0 l&rsquo;oubli\u00a0\u00bb, les soldats inconnus de la guerre d&rsquo;Alg\u00e9rie, notamment les harkis rest\u00e9s en Alg\u00e9rie apr\u00e8s le cessez-le-feu et ex\u00e9cut\u00e9s pour beaucoup par l&rsquo;Arm\u00e9e de lib\u00e9ration nationale (ALN) une fois l&rsquo;ind\u00e9pendance acquise en juillet 1962. <\/p>\n<p>Leurs noms ne figurent pas sur le monument. <\/p>\n<p>Jacques Chirac, qui a combattu en Alg\u00e9rie avec le grade de sous-lieutenant, a \u00e9voqu\u00e9 \u00ab\u00a0l&rsquo;exp\u00e9rience de la souffrance, de la mort, de la haine\u00a0\u00bb dans le djebel alg\u00e9rien, contre \u00ab\u00a0un ennemi impr\u00e9visible, insaisissable\u00a0\u00bb. Mais aussi le malaise, qui perdure aujourd&rsquo;hui, face \u00e0 une \u00ab\u00a0sale guerre\u00a0\u00bb qui n&rsquo;osait pas dire son nom. <\/p>\n<p>\u00ab\u00a0De retour en France, beaucoup, qui avaient servi avec honneur, ont port\u00e9 seuls le poids de cette guerre dont on ne parlait pas, et qui a laiss\u00e9 de profonds stigmates dans notre m\u00e9moire nationale\u00a0\u00bb, a affirm\u00e9 le pr\u00e9sident de la R\u00e9publique. <\/p>\n<p>Jacques Chirac et son Premier ministre de l&rsquo;\u00e9poque, Lionel Jospin, n&rsquo;avaient pas particip\u00e9 aux c\u00e9r\u00e9monies du 19 mars dernier. <\/p>\n<p>Une pol\u00e9mique subsiste en effet sur la date de comm\u00e9moration de la fin de la guerre d&rsquo;Alg\u00e9rie. <\/p>\n<p>Hamlaoui Mekachera a nomm\u00e9 une commission consultative charg\u00e9e de choisir une date pour la future journ\u00e9e de comm\u00e9moration nationale, sous la pr\u00e9sidence de l&rsquo;historien Jean Favier. <\/p>\n<p>La commission s&rsquo;est r\u00e9unie pour la premi\u00e8re fois le 6 novembre dernier. <\/p>\n<p>Si la F\u00e9d\u00e9ration nationale des anciens combattants en Alg\u00e9rie est favorable au choix du 19 mars, cette id\u00e9e est tr\u00e8s controvers\u00e9e et d&rsquo;autres proposent le 16 octobre, date \u00e0 laquelle fut inhum\u00e9 en 1977 le soldat inconnu de la guerre d&rsquo;Alg\u00e9rie. <\/p>\n<p>[source &#8211; yahoo.com]<\/p>\n","protected":false},"excerpt":{"rendered":"<p>Jacques Chirac a salu\u00e9 ce jeudi, \u00ab\u00a0loin des pol\u00e9miques et des passions\u00a0\u00bb, la m\u00e9moire des soldats tu\u00e9s en Afrique du Nord entre 1952 et 1962, \u00e0 l&rsquo;occasion de l&rsquo;inauguration du M\u00e9morial national de la guerre d&rsquo;Alg\u00e9rie et des combats du Maroc et de la Tunisie. <\/p>\n","protected":false},"author":1,"featured_media":0,"comment_status":"closed","ping_status":"open","sticky":false,"template":"","format":"standard","meta":{"_citadela_custom_class":"","footnotes":""},"categories":[16],"tags":[],"class_list":["post-519","post","type-post","status-publish","format-standard","hentry","category-bricabrac"],"_links":{"self":[{"href":"https:\/\/destinationcyber.com\/index.php?rest_route=\/wp\/v2\/posts\/519","targetHints":{"allow":["GET"]}}],"collection":[{"href":"https:\/\/destinationcyber.com\/index.php?rest_route=\/wp\/v2\/posts"}],"about":[{"href":"https:\/\/destinationcyber.com\/index.php?rest_route=\/wp\/v2\/types\/post"}],"author":[{"embeddable":true,"href":"https:\/\/destinationcyber.com\/index.php?rest_route=\/wp\/v2\/users\/1"}],"replies":[{"embeddable":true,"href":"https:\/\/destinationcyber.com\/index.php?rest_route=%2Fwp%2Fv2%2Fcomments&post=519"}],"version-history":[{"count":0,"href":"https:\/\/destinationcyber.com\/index.php?rest_route=\/wp\/v2\/posts\/519\/revisions"}],"wp:attachment":[{"href":"https:\/\/destinationcyber.com\/index.php?rest_route=%2Fwp%2Fv2%2Fmedia&parent=519"}],"wp:term":[{"taxonomy":"category","embeddable":true,"href":"https:\/\/destinationcyber.com\/index.php?rest_route=%2Fwp%2Fv2%2Fcategories&post=519"},{"taxonomy":"post_tag","embeddable":true,"href":"https:\/\/destinationcyber.com\/index.php?rest_route=%2Fwp%2Fv2%2Ftags&post=519"}],"curies":[{"name":"wp","href":"https:\/\/api.w.org\/{rel}","templated":true}]}}