{"id":515,"date":"2002-12-03T00:00:00","date_gmt":"2002-12-02T23:00:00","guid":{"rendered":"https:\/\/destinationcyber.com\/?p=515"},"modified":"2002-12-03T00:00:00","modified_gmt":"2002-12-02T23:00:00","slug":"lafom-veut-mieux-lutter-contre-le-vol-de-telephones-mobiles","status":"publish","type":"post","link":"https:\/\/destinationcyber.com\/?p=515","title":{"rendered":"L&rsquo;AFOM veut mieux lutter contre le vol de t\u00e9l\u00e9phones mobiles"},"content":{"rendered":"<p class=\"post_excerpt\">En collaboration avec le minist\u00e8re de l&rsquo;Int\u00e9rieur, l&rsquo;Association fran\u00e7aise des op\u00e9rateurs mobiles d\u00e9veloppe un dispositif de lutte contre le vol de portables. <\/p>\n<p>D\u00e8s sa cr\u00e9ation en f\u00e9vrier 2002, l&rsquo;Association fran\u00e7aise des op\u00e9rateurs mobiles (AFOM) regroupant Orange, SFR et Bouygues Telecom, a fait de la lutte contre le vol de portables un de ses principaux objectifs. <\/p>\n<p>L&rsquo;\u00e9t\u00e9 dernier, l&rsquo;AFOM et le minist\u00e8re de l&rsquo;Int\u00e9rieur avaient lanc\u00e9 une premi\u00e8re campagne d&rsquo;information avec la diffusion \u00e0 pr\u00e8s de 20 millions d&rsquo;exemplaires du guide \u00ab\u00a0Vols de t\u00e9l\u00e9phones mobiles : comment les \u00e9viter\u00a0\u00bb. <\/p>\n<p>Lundi, l&rsquo;AFOM a annonc\u00e9 avoir travaill\u00e9 avec le minist\u00e8re pour mettre en place un dispositif global en la mati\u00e8re. Celui-ci repose sur la constitution d&rsquo;une base de donn\u00e9es commune aux trois op\u00e9rateurs, via les num\u00e9ros d&rsquo;identification des appareils (num\u00e9ros IMEI) d\u00e9clar\u00e9s vol\u00e9s. <\/p>\n<p>A noter : seuls les mobiles r\u00e9cents, dot\u00e9s d&rsquo;un num\u00e9ro d&rsquo;identification, sont int\u00e9gr\u00e9s \u00e0 cette base. <\/p>\n<p>Les clients victimes d&rsquo;un vol doivent le signaler imm\u00e9diatement \u00e0 leur op\u00e9rateur et d\u00e9poser plainte aupr\u00e8s d&rsquo;un service de police ou de gendarmerie, en pr\u00e9cisant le num\u00e9ro IMEI indiqu\u00e9 sur le coffret et au dos du mobile concern\u00e9. <\/p>\n<p>A la r\u00e9ception du proc\u00e8s-verbal, le service clients de l&rsquo;op\u00e9rateur enregistre alors ce num\u00e9ro dans le fichier commun Orange\/SFR\/Bouygues, \u00ab\u00a0rendant impossible l&rsquo;utilisation du mobile sur les r\u00e9seaux des trois op\u00e9rateurs\u00a0\u00bb, affirme l&rsquo;AFOM dans son communiqu\u00e9. <\/p>\n<p>\u00ab\u00a0Ce dispositif global est le fruit d&rsquo;une \u00e9troite collaboration entre les trois op\u00e9rateurs r\u00e9unis au sein de l&rsquo;AFOM, le minist\u00e8re de l&rsquo;int\u00e9rieur, le minist\u00e8re de l&rsquo;\u00e9conomie, et de nombreux constructeurs de terminaux\u00a0\u00bb, ajoute l&rsquo;Association. <\/p>\n<p>Parmi les industriels qui se sont associ\u00e9s au projet se trouvent les membres du syndicat professionnel GITEP TICS (Groupement des Industries des Technologies de l&rsquo;Information et de la Communication &#8211; www.giteptics.fr). <\/p>\n<p>Par ailleurs, l&rsquo;AFOM a pr\u00e9sent\u00e9 son projet \u00e0 la Commission Europ\u00e9enne et \u00e0 la GSM Association, \u00ab\u00a0dans la perspective d&rsquo;une extension du dispositif au niveau europ\u00e9en\u00a0\u00bb. <\/p>\n<p>L&rsquo;AFOM estime pour conclure que \u00ab\u00a060% \u00e0 80% des mobiles vol\u00e9s, ayant fait l&rsquo;objet d&rsquo;un d\u00e9p\u00f4t de plainte, seront concern\u00e9s par ce dispositif fin 200 <\/p>\n<p>[source &#8211; neteconomie.com]<\/p>\n","protected":false},"excerpt":{"rendered":"<p>En collaboration avec le minist\u00e8re de l&rsquo;Int\u00e9rieur, l&rsquo;Association fran\u00e7aise des op\u00e9rateurs mobiles d\u00e9veloppe un dispositif de lutte contre le vol de portables. <\/p>\n","protected":false},"author":1,"featured_media":0,"comment_status":"closed","ping_status":"open","sticky":false,"template":"","format":"standard","meta":{"_citadela_custom_class":"","footnotes":""},"categories":[16],"tags":[],"class_list":["post-515","post","type-post","status-publish","format-standard","hentry","category-bricabrac"],"_links":{"self":[{"href":"https:\/\/destinationcyber.com\/index.php?rest_route=\/wp\/v2\/posts\/515","targetHints":{"allow":["GET"]}}],"collection":[{"href":"https:\/\/destinationcyber.com\/index.php?rest_route=\/wp\/v2\/posts"}],"about":[{"href":"https:\/\/destinationcyber.com\/index.php?rest_route=\/wp\/v2\/types\/post"}],"author":[{"embeddable":true,"href":"https:\/\/destinationcyber.com\/index.php?rest_route=\/wp\/v2\/users\/1"}],"replies":[{"embeddable":true,"href":"https:\/\/destinationcyber.com\/index.php?rest_route=%2Fwp%2Fv2%2Fcomments&post=515"}],"version-history":[{"count":0,"href":"https:\/\/destinationcyber.com\/index.php?rest_route=\/wp\/v2\/posts\/515\/revisions"}],"wp:attachment":[{"href":"https:\/\/destinationcyber.com\/index.php?rest_route=%2Fwp%2Fv2%2Fmedia&parent=515"}],"wp:term":[{"taxonomy":"category","embeddable":true,"href":"https:\/\/destinationcyber.com\/index.php?rest_route=%2Fwp%2Fv2%2Fcategories&post=515"},{"taxonomy":"post_tag","embeddable":true,"href":"https:\/\/destinationcyber.com\/index.php?rest_route=%2Fwp%2Fv2%2Ftags&post=515"}],"curies":[{"name":"wp","href":"https:\/\/api.w.org\/{rel}","templated":true}]}}