{"id":514,"date":"2002-12-03T00:00:00","date_gmt":"2002-12-02T23:00:00","guid":{"rendered":"https:\/\/destinationcyber.com\/?p=514"},"modified":"2002-12-03T00:00:00","modified_gmt":"2002-12-02T23:00:00","slug":"vers-une-visite-medicale-pour-les-automobilistes-ages","status":"publish","type":"post","link":"https:\/\/destinationcyber.com\/?p=514","title":{"rendered":"Vers une visite m\u00e9dicale pour les automobilistes \u00e2g\u00e9s"},"content":{"rendered":"<p class=\"post_excerpt\">Le ministre fran\u00e7ais des Transports Gilles de Robien a annonc\u00e9 mardi que le gouvernement pourrait d\u00e9cider l&rsquo;instauration d&rsquo;une visite m\u00e9dicale syst\u00e9matique pour les automobilistes \u00e2g\u00e9s. <\/p>\n<p>\u00ab\u00a0La visite m\u00e9dicale peut faire partie de la panoplie\u00a0\u00bb, a d\u00e9clar\u00e9 Gilles de Robien sur Radio Classique. <\/p>\n<p>Il a \u00e9voqu\u00e9 un ensemble d'\u00a0\u00bbau moins 15, 16 ou 17 mesures tr\u00e8s concr\u00e8tes susceptibles de mettre les gens devant leurs responsabilit\u00e9s, de faire de la pr\u00e9vention\u00a0\u00bb qui sera pris lors du prochain Comit\u00e9 interminist\u00e9riel de s\u00e9curit\u00e9 routi\u00e8re pr\u00e9sid\u00e9 par le Premier ministre, Jean-Pierre Raffarin. <\/p>\n<p>Le ministre de l&rsquo;Equipement, des Transports et du Logement a assur\u00e9 que \u00ab\u00a0l&rsquo;ensemble des mesures sera pris d&rsquo;ici la fin du mois de d\u00e9cembre\u00a0\u00bb. <\/p>\n<p>Il ne s&rsquo;est toutefois pas prononc\u00e9 explicitement pour une visite m\u00e9dicale syst\u00e9matique pour les d\u00e9tenteurs du permis de conduire \u00e2g\u00e9s de plus de 70 ou 75 ans. <\/p>\n<p>A la question de savoir s&rsquo;il \u00e9tait favorable \u00e0 un tel examen, il a r\u00e9pondu : \u00ab\u00a0syst\u00e9matique pour certaines personnes, \u00e0 condition que ces personnes soient soign\u00e9es pour des maux qui att\u00e9nuent la s\u00e9curit\u00e9 routi\u00e8re, qu&rsquo;elles soient victimes ou auteurs de la d\u00e9linquance routi\u00e8re\u00a0\u00bb. <\/p>\n<p>Gilles de Robien a pr\u00e9conis\u00e9 une collaboration entre les automobilistes et le milieu m\u00e9dical pour que les m\u00e9decins recommandent \u00e0 leurs patients de ne pas prendre le volant si leur \u00e9tat de sant\u00e9 ne le permet pas. <\/p>\n<p>\u00ab\u00a0L&rsquo;\u00e2ge est souvent synonyme de d\u00e9t\u00e9riorations de la sant\u00e9. Ce n&rsquo;est pas le probl\u00e8me de l&rsquo;\u00e2ge, c&rsquo;est le probl\u00e8me de la sant\u00e9\u00a0\u00bb, a-t-il expliqu\u00e9. <\/p>\n<p>Il a soulign\u00e9 que l&rsquo;\u00e2ge ne constituait pas un d\u00e9lit mais qu&rsquo;il fallait plut\u00f4t lutter contre les conduites \u00e0 risque. <\/p>\n<p>\u00ab\u00a0Ce n&rsquo;est pas contre l&rsquo;\u00e2ge qu&rsquo;il faut lutter, mais contre la d\u00e9linquance\u00a0\u00bb, a-t-il d\u00e9clar\u00e9. <\/p>\n<p>Fernand Blanc, un automobiliste de 81 ans qui a tu\u00e9 cinq pompiers vendredi \u00e0 Loriol (Dr\u00f4me), a \u00e9t\u00e9 mis en examen lundi et plac\u00e9 en d\u00e9tention provisoire dans l&rsquo;unit\u00e9 hospitali\u00e8re d&rsquo;une prison de la r\u00e9gion lyonnaise. <\/p>\n<p>Il a reconnu spontan\u00e9ment, d\u00e8s le lendemain de l&rsquo;accident, qu&rsquo;il roulait \u00e0 150 km\/h alors que la vitesse \u00e9tait limit\u00e9e \u00e0 90 km\/h en raison de travaux sur la portion de l&rsquo;autoroute A7 o\u00f9 a eu lieu le drame. <\/p>\n<p>Jacques Chirac pr\u00e9sidera mercredi \u00e0 Loriol une c\u00e9r\u00e9monie en hommage aux pompiers tu\u00e9s. <\/p>\n<p>[source &#8211; yahoo.com]<\/p>\n","protected":false},"excerpt":{"rendered":"<p>Le ministre fran\u00e7ais des Transports Gilles de Robien a annonc\u00e9 mardi que le gouvernement pourrait d\u00e9cider l&rsquo;instauration d&rsquo;une visite m\u00e9dicale syst\u00e9matique pour les automobilistes \u00e2g\u00e9s. <\/p>\n","protected":false},"author":1,"featured_media":0,"comment_status":"closed","ping_status":"open","sticky":false,"template":"","format":"standard","meta":{"_citadela_custom_class":"","footnotes":""},"categories":[16],"tags":[],"class_list":["post-514","post","type-post","status-publish","format-standard","hentry","category-bricabrac"],"_links":{"self":[{"href":"https:\/\/destinationcyber.com\/index.php?rest_route=\/wp\/v2\/posts\/514","targetHints":{"allow":["GET"]}}],"collection":[{"href":"https:\/\/destinationcyber.com\/index.php?rest_route=\/wp\/v2\/posts"}],"about":[{"href":"https:\/\/destinationcyber.com\/index.php?rest_route=\/wp\/v2\/types\/post"}],"author":[{"embeddable":true,"href":"https:\/\/destinationcyber.com\/index.php?rest_route=\/wp\/v2\/users\/1"}],"replies":[{"embeddable":true,"href":"https:\/\/destinationcyber.com\/index.php?rest_route=%2Fwp%2Fv2%2Fcomments&post=514"}],"version-history":[{"count":0,"href":"https:\/\/destinationcyber.com\/index.php?rest_route=\/wp\/v2\/posts\/514\/revisions"}],"wp:attachment":[{"href":"https:\/\/destinationcyber.com\/index.php?rest_route=%2Fwp%2Fv2%2Fmedia&parent=514"}],"wp:term":[{"taxonomy":"category","embeddable":true,"href":"https:\/\/destinationcyber.com\/index.php?rest_route=%2Fwp%2Fv2%2Fcategories&post=514"},{"taxonomy":"post_tag","embeddable":true,"href":"https:\/\/destinationcyber.com\/index.php?rest_route=%2Fwp%2Fv2%2Ftags&post=514"}],"curies":[{"name":"wp","href":"https:\/\/api.w.org\/{rel}","templated":true}]}}