{"id":512,"date":"2002-12-02T00:00:00","date_gmt":"2002-12-01T23:00:00","guid":{"rendered":"https:\/\/destinationcyber.com\/?p=512"},"modified":"2002-12-02T00:00:00","modified_gmt":"2002-12-01T23:00:00","slug":"microsoft-recrute-ses-ennemis","status":"publish","type":"post","link":"https:\/\/destinationcyber.com\/?p=512","title":{"rendered":"Microsoft recrute ses ennemis&#8230;"},"content":{"rendered":"<p class=\"post_excerpt\">La Commission europ\u00e9enne a reconnu jeudi avoir accord\u00e9 \u00e0 un de ses hauts fonctionnaires qui a planch\u00e9 sur le dossier Microsoft un cong\u00e9 pour convenance personnelle de six mois afin de lui permettre de travailler pour le g\u00e9ant am\u00e9ricain de l&rsquo;informatique <\/p>\n<p>Le porte-parole de l&rsquo;ex\u00e9cutif europ\u00e9en Jonathan Faull a expliqu\u00e9 que ce fonctionnaire, Detlef Eckert, avait obtenu l&rsquo;autorisation de travailler \u00e0 partir de lundi prochain pour Microsoft, qui fait pourtant l&rsquo;objet d&rsquo;une enqu\u00eate de l&rsquo;UE. Cette enqu\u00eate, qui doit d\u00e9terminer si l&rsquo;entreprise dirig\u00e9e par Bill Gates a abus\u00e9 de la position dominante du syst\u00e8me d&rsquo;exploitation Windows, s&rsquo;ach\u00e8ve actuellement. <\/p>\n<p>Pour la Commission, il n&rsquo;y a aucun risque de conflit d&rsquo;int\u00e9r\u00eat, Detlef Eckert, chef d&rsquo;unit\u00e9 \u00e0 la direction g\u00e9n\u00e9rale charg\u00e9e de la soci\u00e9t\u00e9 de l&rsquo;information, s&rsquo;\u00e9tant engag\u00e9 par \u00e9crit \u00e0 ne pas donner d&rsquo;informations sensibles \u00e0 Microsoft. <\/p>\n<p>\u00ab\u00a0Nous ne pensons pas qu&rsquo;il donnera des informations confidentielles \u00e0 Microsoft\u00a0\u00bb, a d\u00e9clar\u00e9 le porte-parole charg\u00e9 de la soci\u00e9t\u00e9 de l&rsquo;information, Per Haugard. <\/p>\n<p>Mais un responsable de la Commission a d\u00e9clar\u00e9 sous le couvert de l&rsquo;anonymat que la nouvelle recrue de Microsoft avait particip\u00e9 \u00e0 l&rsquo;enqu\u00eate sur la firme de Seattle en auditionnant les concurrents qui s&rsquo;estiment l\u00e9s\u00e9s. <\/p>\n<p>\u00ab\u00a0Il a eu des r\u00e9unions avec des concurrents de Microsoft\u00a0\u00bb, a-t-il dit. \u00ab\u00a0Ils lui ont donn\u00e9 des documents confidentiels\u00a0\u00bb. <\/p>\n<p>Il a notamment rencontr\u00e9 dans ce cadre Ed Black, pr\u00e9sident de l&rsquo;Association de l&rsquo;Industrie informatique et des communications, qui a vivement critiqu\u00e9 la strat\u00e9gie de Microsoft, a-t-on appris de source proche de l&rsquo;association. <\/p>\n<p>DES CONGES CONTROVERSES <\/p>\n<p>C&rsquo;est la direction g\u00e9n\u00e9rale de la Concurrence qui est chef de file sur le dossier Microsoft mais les fonctionnaires d&rsquo;autres directions sont appel\u00e9es \u00e0 collaborer \u00e0 l&rsquo;enqu\u00eate. <\/p>\n<p>Une porte-parole de Microsoft a expliqu\u00e9 que Detlef Eckert s&rsquo;occuperait chez Microsoft des questions de s\u00e9curit\u00e9 et de protection des donn\u00e9es priv\u00e9es en exposant notamment aux hommes d&rsquo;affaires la politique de la maison dans ce domaine. \u00ab\u00a0Il ne fera pas partie de notre \u00e9quipe juridique\u00a0\u00bb, a-t-elle dit. <\/p>\n<p>Ce recrutement soul\u00e8ve de nombreuses questions \u00e0 Bruxelles. <\/p>\n<p>Le cas n&rsquo;est pas sans rappeler le scandale qui avait entour\u00e9 en 1999 le recrutement par l&rsquo;op\u00e9rateur espagnol Telefonica du commissaire charg\u00e9 des T\u00e9l\u00e9communications, Martin Bangeman. <\/p>\n<p>Ce dernier avait n\u00e9goci\u00e9 son \u00ab\u00a0transfert\u00a0\u00bb avant de devoir quitter ses fonctions lors de la d\u00e9mission collective de la Commission europ\u00e9enne en mars 1999, apr\u00e8s la publication d&rsquo;un rapport de \u00ab\u00a0sages\u00a0\u00bb tr\u00e8s critique pour sa gestion. <\/p>\n<p>L&rsquo;ex\u00e9cutif europ\u00e9en pr\u00e9sid\u00e9 par Romano Prodi, qui avait pris le relais, s&rsquo;\u00e9tait engag\u00e9 \u00e0 rompre avec les pratiques du pass\u00e9 et avait impos\u00e9 une p\u00e9riode de \u00ab\u00a0refroidissement\u00a0\u00bb \u00e0 ses fonctionnaires qui trouvent de l&#8217;embauche dans le priv\u00e9. <\/p>\n<p>Martin Bangemann n&rsquo;a d&rsquo;ailleurs jamais pris ses fonctions chez Telefonica m\u00eame si le contrat n&rsquo;a pas \u00e9t\u00e9 rompu. <\/p>\n<p>La tradition des cong\u00e9s pour convenance personnelle est par ailleurs r\u00e9examin\u00e9e par la Commission apr\u00e8s que trois de ses anciens porte-parole eurent fond\u00e9 une soci\u00e9t\u00e9 de consultants, GPlus Europe, qui avait obtenu une part d&rsquo;un contrat de 23 millions d&rsquo;euros conclu avec la Commission. <\/p>\n<p>L&rsquo;ex\u00e9cutif europ\u00e9en avait suspendu le contrat jusqu&rsquo;\u00e0 ce que GPlus Europe se retire du march\u00e9 en novembre dernier. <\/p>\n<p>[source &#8211; inpact-hardware.com]<\/p>\n","protected":false},"excerpt":{"rendered":"<p>La Commission europ\u00e9enne a reconnu jeudi avoir accord\u00e9 \u00e0 un de ses hauts fonctionnaires qui a planch\u00e9 sur le dossier Microsoft un cong\u00e9 pour convenance personnelle de six mois afin de lui permettre de travailler pour le g\u00e9ant am\u00e9ricain de l&rsquo;informatique <\/p>\n","protected":false},"author":1,"featured_media":0,"comment_status":"closed","ping_status":"open","sticky":false,"template":"","format":"standard","meta":{"_citadela_custom_class":"","footnotes":""},"categories":[16],"tags":[],"class_list":["post-512","post","type-post","status-publish","format-standard","hentry","category-bricabrac"],"_links":{"self":[{"href":"https:\/\/destinationcyber.com\/index.php?rest_route=\/wp\/v2\/posts\/512","targetHints":{"allow":["GET"]}}],"collection":[{"href":"https:\/\/destinationcyber.com\/index.php?rest_route=\/wp\/v2\/posts"}],"about":[{"href":"https:\/\/destinationcyber.com\/index.php?rest_route=\/wp\/v2\/types\/post"}],"author":[{"embeddable":true,"href":"https:\/\/destinationcyber.com\/index.php?rest_route=\/wp\/v2\/users\/1"}],"replies":[{"embeddable":true,"href":"https:\/\/destinationcyber.com\/index.php?rest_route=%2Fwp%2Fv2%2Fcomments&post=512"}],"version-history":[{"count":0,"href":"https:\/\/destinationcyber.com\/index.php?rest_route=\/wp\/v2\/posts\/512\/revisions"}],"wp:attachment":[{"href":"https:\/\/destinationcyber.com\/index.php?rest_route=%2Fwp%2Fv2%2Fmedia&parent=512"}],"wp:term":[{"taxonomy":"category","embeddable":true,"href":"https:\/\/destinationcyber.com\/index.php?rest_route=%2Fwp%2Fv2%2Fcategories&post=512"},{"taxonomy":"post_tag","embeddable":true,"href":"https:\/\/destinationcyber.com\/index.php?rest_route=%2Fwp%2Fv2%2Ftags&post=512"}],"curies":[{"name":"wp","href":"https:\/\/api.w.org\/{rel}","templated":true}]}}