{"id":480,"date":"2002-12-09T00:00:00","date_gmt":"2002-12-08T23:00:00","guid":{"rendered":"https:\/\/destinationcyber.com\/?p=480"},"modified":"2002-12-09T00:00:00","modified_gmt":"2002-12-08T23:00:00","slug":"dell-veut-faire-du-tele-achat","status":"publish","type":"post","link":"https:\/\/destinationcyber.com\/?p=480","title":{"rendered":"Dell veut faire du t\u00e9l\u00e9-achat"},"content":{"rendered":"<p class=\"post_excerpt\">Le constructeur informatique am\u00e9ricain Dell testera une \u00e9mission de t\u00e9l\u00e9-achat le 12 d\u00e9cembre prochain.<\/p>\n<p>Pierre Bellemar fait des \u00e9mules ! Pionnier de la vente directe, le constructeur informatique am\u00e9ricain Dell testera une \u00e9mission de t\u00e9l\u00e9-achat le 12 d\u00e9cembre prochain. <\/p>\n<p>De plus en plus pratiqu\u00e9e aux Etats-Unis, o\u00f9 les cha\u00eenes de t\u00e9l\u00e9vision sont satur\u00e9es par ce type de programmes publicitaires, Dell franchit donc un nouveau cap dans sa strat\u00e9gie marketing avec cette offre baptis\u00e9e \u00ab\u00a0e-t\u00e9l\u00e9achat\u00a0\u00bb. <\/p>\n<p>L&rsquo;espace d&rsquo;une journ\u00e9e, Dell propose \u00e0 travers 2 sessions de 45 minutes de e-t\u00e9l\u00e9achat, une s\u00e9lection surprise de ses meilleures offres. 8 configurations de Portables et ordinateurs multim\u00e9dia seront pr\u00e9sent\u00e9s en direct, avec visualisation 3D, \u00e0 des tarifs privil\u00e9gi\u00e9s permettant aux internautes de r\u00e9aliser jusqu&rsquo;\u00e0 200 \u20ac d&rsquo;\u00e9conomie selon Dell. <\/p>\n<p>\u00ab Le e-t\u00e9l\u00e9achat Dell\u2122 s&rsquo;inscrit dans la continuit\u00e9 de la strat\u00e9gie de Dell qui vise \u00e0 renforcer son mod\u00e8le direct aupr\u00e8s de ses clients Grands Comptes et PME\/PMI, mais \u00e9galement du Grand Public. Notre r\u00f4le de leader nous oblige \u00e0 \u00eatre tr\u00e8s attentifs aux attentes des consommateurs et \u00e0 les anticiper. Nous sommes sans cesse en qu\u00eate de solutions novatrices et efficaces pouvant nous permettre d&rsquo;offrir le meilleur service \u00e0 nos clients. Le e-t\u00e9l\u00e9achat Dell\u2122 s&rsquo;inscrit compl\u00e8tement dans cette approche \u00bb, souligne Jean-Marc Serayssol, Directeur Marketing HSMB de Dell Computer France. <\/p>\n<p>Reste \u00e0 connaitre la r\u00e9action des internautes et savoir si, une fois l&rsquo;efet nouveaut\u00e9 pass\u00e9, ce type de promotion pourra s&rsquo;imposer dans l&rsquo;univers de la NetEconomie <\/p>\n<p>[source &#8211; neteconomie.com]<\/p>\n","protected":false},"excerpt":{"rendered":"<p>Le constructeur informatique am\u00e9ricain Dell testera une \u00e9mission de t\u00e9l\u00e9-achat le 12 d\u00e9cembre prochain.<\/p>\n","protected":false},"author":1,"featured_media":0,"comment_status":"closed","ping_status":"open","sticky":false,"template":"","format":"standard","meta":{"_citadela_custom_class":"","footnotes":""},"categories":[17],"tags":[],"class_list":["post-480","post","type-post","status-publish","format-standard","hentry","category-economia"],"_links":{"self":[{"href":"https:\/\/destinationcyber.com\/index.php?rest_route=\/wp\/v2\/posts\/480","targetHints":{"allow":["GET"]}}],"collection":[{"href":"https:\/\/destinationcyber.com\/index.php?rest_route=\/wp\/v2\/posts"}],"about":[{"href":"https:\/\/destinationcyber.com\/index.php?rest_route=\/wp\/v2\/types\/post"}],"author":[{"embeddable":true,"href":"https:\/\/destinationcyber.com\/index.php?rest_route=\/wp\/v2\/users\/1"}],"replies":[{"embeddable":true,"href":"https:\/\/destinationcyber.com\/index.php?rest_route=%2Fwp%2Fv2%2Fcomments&post=480"}],"version-history":[{"count":0,"href":"https:\/\/destinationcyber.com\/index.php?rest_route=\/wp\/v2\/posts\/480\/revisions"}],"wp:attachment":[{"href":"https:\/\/destinationcyber.com\/index.php?rest_route=%2Fwp%2Fv2%2Fmedia&parent=480"}],"wp:term":[{"taxonomy":"category","embeddable":true,"href":"https:\/\/destinationcyber.com\/index.php?rest_route=%2Fwp%2Fv2%2Fcategories&post=480"},{"taxonomy":"post_tag","embeddable":true,"href":"https:\/\/destinationcyber.com\/index.php?rest_route=%2Fwp%2Fv2%2Ftags&post=480"}],"curies":[{"name":"wp","href":"https:\/\/api.w.org\/{rel}","templated":true}]}}