{"id":2750,"date":"2003-12-06T08:51:48","date_gmt":"2003-12-06T07:51:48","guid":{"rendered":"https:\/\/destinationcyber.com\/?p=2750"},"modified":"2003-12-06T08:51:48","modified_gmt":"2003-12-06T07:51:48","slug":"musique-et-cinema-unis-contre-les-pirates-et-les-fai","status":"publish","type":"post","link":"https:\/\/destinationcyber.com\/?p=2750","title":{"rendered":"Musique et cin\u00e9ma unis contre les pirates (et les FAI)"},"content":{"rendered":"<p class=\"post_excerpt\">Dans la lutte contre le piratage, la musique, secteur touch\u00e9 depuis longtemps d\u00e9j\u00e0, et le cin\u00e9ma, qui l&rsquo;a d\u00e9couvert plus tard, agissaient jusqu&rsquo;\u00e0 pr\u00e9sent chacun de leur cot\u00e9. <\/p>\n<p>Vivendi Universal, pr\u00e9sent dans les deux industries, a organis\u00e9 \u00e0 l&rsquo;Olympia (propri\u00e9t\u00e9 maison) un \u00ab\u00a0atelier de sensibilisation \u00e0 la piraterie \u00e9lectronique de contenus culturels\u00a0\u00bb. On y notamment entendu, chose rare, un artiste s&rsquo;exprimer sur le sujet. \u00ab\u00a0Le piratage ne va pas ass\u00e9cher la cr\u00e9ation, mais il risque d&rsquo;ass\u00e9cher la diffusion, a affirm\u00e9 Maxime Le Forestier. C&rsquo;est l&rsquo;ensemble du secteur qui est au coeur d&rsquo;un s\u00e9\u00efsme. Je ne conais pas les solutions, mais je voudrais que les gamins qui ont envie de chanter puissent le faire dans des conditions d\u00e9centes.\u00a0\u00bb<\/p>\n<p>Cet atelier a \u00e9t\u00e9 l&rsquo;occasion pour les rep\u00e9sentants d&rsquo;associations professionnelles de faire part de leurs inqui\u00e9tudes et de les exposer notamment \u00e0 quelques d\u00e9put\u00e9s et s\u00e9nateurs pr\u00e9sents. Plusieurs des textes l\u00e9gislatifs actuellement en discussion peuvent en effet avoir un impact sur la lutte contre le ph\u00e9nom\u00e8ne : loi sur l&rsquo;\u00e9conomie num\u00e9rique, loi sur les droits d&rsquo;auteur et droits voisins, paquet t\u00e9l\u00e9coms, et m\u00eame le projet Perben contre la grande criminalit\u00e9, dont un chapitre est consacr\u00e9 \u00e0 la contrefa\u00e7on.<\/p>\n<p>Si en mati\u00e8re de piratage, \u00ab\u00a0la musique a servi d&rsquo;appartement t\u00e9moin\u00a0\u00bb, selon les mots de Gilles Bressand, le pr\u00e9sident du Syndicat national de l&rsquo;\u00e9dition phonographique (Snep), le cin\u00e9ma r\u00e9alise progressivement les risques qu&rsquo;il encourt. \u00ab\u00a0Le succ\u00e9s d&rsquo;une centaine de grands films dans le monde permet chaque ann\u00e9e aux producteurs de faire tous les autres films, a expliqu\u00e9 Nicolas Seydoux, le PDG de Gaumont et pr\u00e9sident de l&rsquo;Association de lutte contre la piraterie audiovisuelle (Alpa). Si ces films sont pirat\u00e9s, c&rsquo;est toute la cha\u00eene qui dispara\u00eet.\u00a0\u00bb<\/p>\n<p>Pour expliquer cette prise de position commune, Nicolas Seydoux a expliqu\u00e9 que \u00ab\u00a0musique et cin\u00e9ma sont les seuls domaines o\u00f9 la contrefa\u00e7on a la m\u00eame qualit\u00e9 que l&rsquo;original\u00a0\u00bb. Une notion de contrefa\u00e7on plusieurs fois mise en avant : celle-ci a encore plus mauvaise presse que le piratage et est pour l&rsquo;instant plus lourdement sanctionn\u00e9e. Mais \u00ab\u00a0les d\u00e9lits de piratage vont \u00eatre assimil\u00e9s aux d\u00e9lits de contrefa\u00e7on, donc les sanctions vont \u00eatre alourdies\u00a0\u00bb, a annonc\u00e9 le d\u00e9put\u00e9 Fran\u00e7ois d&rsquo;Aubert, par ailleurs pr\u00e9sident en exercice du Comit\u00e9 national anti-contrefa\u00e7on (Cnac).<\/p>\n<p>Reste qu&rsquo;au-del\u00e0 des pirates eux-m\u00eames, c&rsquo;est une autre cat\u00e9gorie d&rsquo;acteurs que le Snep, l&rsquo;Alpa et les entreprises qu&rsquo;ils repr\u00e9sentent ont dans le collimateur. Les fournisseurs d&rsquo;acc\u00e9s sont coupables \u00e0 leurs yeux d&rsquo;offrir l&rsquo;indispensable haut-d\u00e9bit aux t\u00e9l\u00e9chargeurs et surtout de se servir du t\u00e9l\u00e9chargement comme argument marketing majeur. Et ils en ont entendu de toutes les couleurs \u00e0 l&rsquo;Olympia. Les r\u00e9ponses judiciaires \u00ab\u00a0qui viendront si la situation perdure\u00a0\u00bb, selon Gilles Bressand, pourraient-elles \u00eatre appliqu\u00e9es \u00e0 ces FAI qu&rsquo;un autre intervenant a qualifi\u00e9 de \u00ab\u00a0complices de vols\u00a0\u00bb? La r\u00e9ponse n&rsquo;a pas \u00e9t\u00e9 donn\u00e9e, mais la menace est assez pr\u00e9cise. <\/p>\n<p>Aucune repr\u00e9sentant des FAI n&rsquo;\u00e9tait pr\u00e9sent pour r\u00e9pondre. On aurait pu entendre \u00e0 ce sujet l&rsquo;organisateur de l&rsquo;\u00e9v\u00e9nement, Vivendi-Universal, pr\u00e9sent \u00e9galement dans les t\u00e9l\u00e9communications etl&rsquo;acc\u00e9s Internet, via les 56% qu&rsquo;il d\u00e9tient encore dans SFR-Cegetel. Mais tr\u00e8s sensibilis\u00e9 aux probl\u00e9matiques de propri\u00e9t\u00e9 intellectuelle (sa femme est d\u00e9put\u00e9 europ\u00e9en et dirige au Parlement le d\u00e9bat sur une directive en la mati\u00e8re), Jean-Ren\u00e9 Fourtou, le PDG de VU, a pr\u00e9f\u00e9r\u00e9 faire l&rsquo;impasse sur la question des fournisseurs d&rsquo;acc\u00e9s. La strat\u00e9gie tuyaux-contenus, tellement vant\u00e9e en son temps par son pr\u00e9d\u00e9cesseur, n&rsquo;a d\u00e9cid\u00e9ment pas fini de lui g\u00e2cher la vie. <\/p>\n<p>[source &#8211; journaldunet.com]&nbsp;Fran\u00e7ois Bourboulon <\/p>\n","protected":false},"excerpt":{"rendered":"<p>Dans la lutte contre le piratage, la musique, secteur touch\u00e9 depuis longtemps d\u00e9j\u00e0, et le cin\u00e9ma, qui l&rsquo;a d\u00e9couvert plus tard, agissaient jusqu&rsquo;\u00e0 pr\u00e9sent chacun de leur cot\u00e9. <\/p>\n","protected":false},"author":1,"featured_media":0,"comment_status":"closed","ping_status":"open","sticky":false,"template":"","format":"standard","meta":{"_citadela_custom_class":"","footnotes":""},"categories":[13],"tags":[],"class_list":["post-2750","post","type-post","status-publish","format-standard","hentry","category-hackers"],"_links":{"self":[{"href":"https:\/\/destinationcyber.com\/index.php?rest_route=\/wp\/v2\/posts\/2750","targetHints":{"allow":["GET"]}}],"collection":[{"href":"https:\/\/destinationcyber.com\/index.php?rest_route=\/wp\/v2\/posts"}],"about":[{"href":"https:\/\/destinationcyber.com\/index.php?rest_route=\/wp\/v2\/types\/post"}],"author":[{"embeddable":true,"href":"https:\/\/destinationcyber.com\/index.php?rest_route=\/wp\/v2\/users\/1"}],"replies":[{"embeddable":true,"href":"https:\/\/destinationcyber.com\/index.php?rest_route=%2Fwp%2Fv2%2Fcomments&post=2750"}],"version-history":[{"count":0,"href":"https:\/\/destinationcyber.com\/index.php?rest_route=\/wp\/v2\/posts\/2750\/revisions"}],"wp:attachment":[{"href":"https:\/\/destinationcyber.com\/index.php?rest_route=%2Fwp%2Fv2%2Fmedia&parent=2750"}],"wp:term":[{"taxonomy":"category","embeddable":true,"href":"https:\/\/destinationcyber.com\/index.php?rest_route=%2Fwp%2Fv2%2Fcategories&post=2750"},{"taxonomy":"post_tag","embeddable":true,"href":"https:\/\/destinationcyber.com\/index.php?rest_route=%2Fwp%2Fv2%2Ftags&post=2750"}],"curies":[{"name":"wp","href":"https:\/\/api.w.org\/{rel}","templated":true}]}}