{"id":2740,"date":"2003-12-05T21:53:04","date_gmt":"2003-12-05T20:53:04","guid":{"rendered":"https:\/\/destinationcyber.com\/?p=2740"},"modified":"2003-12-05T21:53:04","modified_gmt":"2003-12-05T20:53:04","slug":"lassemblee-adopte-le-projet-de-loi-france-telecom","status":"publish","type":"post","link":"https:\/\/destinationcyber.com\/?p=2740","title":{"rendered":"L&rsquo;Assembl\u00e9e adopte le projet de loi France T\u00e9l\u00e9com"},"content":{"rendered":"<p class=\"post_excerpt\">L&rsquo;Assembl\u00e9e nationale a adopt\u00e9 vendredi, en premi\u00e8re lecture, le projet de r\u00e9forme de France T\u00e9l\u00e9com, qui autorise l&rsquo;Etat \u00e0 d\u00e9tenir moins de 50% du capital de l&rsquo;op\u00e9rateur public historique et met fin \u00e0 son monopole sur l&rsquo;ensemble des missions de service public.\n<\/p>\n<p>Le projet de loi a \u00e9t\u00e9 vot\u00e9 par la majorit\u00e9 (UMP et UDF), la gauche (PS et PCF), qui n&rsquo;y voit qu&rsquo;un pr\u00e9texte \u00e0 privatiser l&rsquo;op\u00e9rateur public, se pronon\u00e7ant contre. Il doit maintenant \u00eatre examin\u00e9 le 16 d\u00e9cembre en deuxi\u00e8me lecture en S\u00e9nat, o\u00f9 il a d\u00e9j\u00e0 \u00e9t\u00e9 adopt\u00e9 en premi\u00e8re lecture en octobre.<\/p>\n<p>Le texte adopt\u00e9 vendredi ne diff\u00e8re gu\u00e8re de la version du S\u00e9nat, les d\u00e9put\u00e9s ayant renonc\u00e9 aux principales modifications envisag\u00e9es, notamment sur l&rsquo;homologation des tarifs.<\/p>\n<p>Les trois grands volets du projet pr\u00e9voient d&rsquo;abord la transposition d&rsquo;une directive europ\u00e9enne sur l&rsquo;ouverture \u00e0 la concurrence du service universel des t\u00e9l\u00e9coms: t\u00e9l\u00e9phonie fixe \u00e0 un prix abordable, annuaire et service de renseignement, cabines t\u00e9l\u00e9phoniques publiques.<\/p>\n<p>A la demande du gouvernement, la majorit\u00e9 a rejet\u00e9 un amendement visant \u00e0 imposer aux fournisseurs d&rsquo;un service universel l&rsquo;acc\u00e8s gratuit pour les services d&rsquo;urgence \u00e0 l&rsquo;annuaire invers\u00e9, afin de pouvoir localiser les appels.<\/p>\n<p>Bien que \u00ab\u00a0d&rsquo;accord avec l&rsquo;objectif\u00a0\u00bb poursuivi, Francis Mer (Economie) a d\u00e9clar\u00e9 qu&rsquo;il \u00ab\u00a0p\u00e9naliserait les op\u00e9rateurs qui acceptent d&rsquo;exercer les missions du service universel\u00a0\u00bb. M. Mer s&rsquo;est \u00ab\u00a0engag\u00e9\u00a0\u00bb \u00e0 traiter la question \u00ab\u00a0avant l&rsquo;\u00e9t\u00e9 prochain\u00a0\u00bb dans le cadre du prochain projet de loi d&rsquo;habilitation autorisant le gouvernement \u00e0 transposer par ordonnances les directives europ\u00e9ennes du \u00ab\u00a0paquet t\u00e9l\u00e9com\u00a0\u00bb.<\/p>\n<p>L&rsquo;Assembl\u00e9e n&rsquo;est par ailleurs pas revenue sur l&rsquo;abolition du monopole de TDF pour la diffusion et la transmission des programmes de Radio France, France T\u00e9l\u00e9vision, RFO, RFI et Arte, introduite dans le texte par le S\u00e9nat.<\/p>\n<p>Les d\u00e9put\u00e9s ont \u00e9galement adopt\u00e9 sans modification majeure les deux autres volets du texte.<\/p>\n<p>Le premier autorise l&rsquo;Etat, actuellement d\u00e9tenteur de 54% du capital de France T\u00e9l\u00e9com, \u00e0 descendre sous la barre des 50%. Cette disposition a \u00e9t\u00e9 la plus d\u00e9cri\u00e9e par l&rsquo;opposition, socialistes et communistes accusant le gouvernement de pr\u00e9parer une \u00ab\u00a0privatisation totale\u00a0\u00bb de l&rsquo;op\u00e9rateur historique.<\/p>\n<p>Le second pr\u00e9voit que les 106.000 fonctionnaires restants de France T\u00e9l\u00e9com pourront, \u00ab\u00a0sur leur demande\u00a0\u00bb, \u00eatre d\u00e9tach\u00e9s puis int\u00e9gr\u00e9s dans la fonction publique.<\/p>\n<p>Les d\u00e9put\u00e9s ont en revanche renonc\u00e9 \u00e0 lib\u00e9raliser les tarifs de France T\u00e9l\u00e9com, la majorit\u00e9 retirant un amendement qui soumettait les tarifs de l&rsquo;op\u00e9rateur public \u00e0 un contr\u00f4le a posteriori de l&rsquo;ART (Autorit\u00e9 de r\u00e9gulation des t\u00e9l\u00e9communications) au lieu d&rsquo;un contr\u00f4le a priori.<\/p>\n<p>Le pr\u00e9sident de la commission des Affaires \u00e9conomiques Patrick Ollier (UMP) a accus\u00e9 l&rsquo;ART de \u00ab\u00a0perturber la concurrence\u00a0\u00bb, en laissant France T\u00e9l\u00e9com pratiquer des prix trop \u00e9lev\u00e9s dans des secteurs o\u00f9 elle est en situation de monopole, et de l&#8217;emp\u00eacher de baisser ses prix dans les secteurs concurrentiels.<\/p>\n<p>M. Mer a souhait\u00e9 reporter l&rsquo;examen de ce dispositif \u00ab\u00a0au d\u00e9bat sur le projet de loi sur la confiance dans l&rsquo;\u00e9conomie num\u00e9rique\u00a0\u00bb, d\u00e9but janvier, en assurant que \u00ab\u00a0le gouvernement le soutiendra avec les compl\u00e9ments n\u00e9cessaires\u00a0\u00bb pour \u00e9viter des \u00ab\u00a0comportements pr\u00e9dateurs de l&rsquo;op\u00e9rateur dominant\u00a0\u00bb.<\/p>\n<p>La majorit\u00e9 a \u00e9galement renonc\u00e9 \u00e0 \u00e9tablir une s\u00e9paration comptable et gestionnaire entre le secteur r\u00e9seau et les activit\u00e9s d&rsquo;offre de services de France T\u00e9l\u00e9com, le ministre s&rsquo;\u00e9tant oppos\u00e9 au \u00ab\u00a0d\u00e9membrement\u00a0\u00bb de l&rsquo;entreprise.<\/p>\n<p>[source &#8211; yahoo.com]&nbsp;(AFP)<\/p>\n","protected":false},"excerpt":{"rendered":"<p>L&rsquo;Assembl\u00e9e nationale a adopt\u00e9 vendredi, en premi\u00e8re lecture, le projet de r\u00e9forme de France T\u00e9l\u00e9com, qui autorise l&rsquo;Etat \u00e0 d\u00e9tenir moins de 50% du capital de l&rsquo;op\u00e9rateur public historique et met fin \u00e0 son monopole sur l&rsquo;ensemble des missions de service public.<\/p>\n","protected":false},"author":1,"featured_media":0,"comment_status":"closed","ping_status":"open","sticky":false,"template":"","format":"standard","meta":{"_citadela_custom_class":"","footnotes":""},"categories":[19],"tags":[],"class_list":["post-2740","post","type-post","status-publish","format-standard","hentry","category-e-droit"],"_links":{"self":[{"href":"https:\/\/destinationcyber.com\/index.php?rest_route=\/wp\/v2\/posts\/2740","targetHints":{"allow":["GET"]}}],"collection":[{"href":"https:\/\/destinationcyber.com\/index.php?rest_route=\/wp\/v2\/posts"}],"about":[{"href":"https:\/\/destinationcyber.com\/index.php?rest_route=\/wp\/v2\/types\/post"}],"author":[{"embeddable":true,"href":"https:\/\/destinationcyber.com\/index.php?rest_route=\/wp\/v2\/users\/1"}],"replies":[{"embeddable":true,"href":"https:\/\/destinationcyber.com\/index.php?rest_route=%2Fwp%2Fv2%2Fcomments&post=2740"}],"version-history":[{"count":0,"href":"https:\/\/destinationcyber.com\/index.php?rest_route=\/wp\/v2\/posts\/2740\/revisions"}],"wp:attachment":[{"href":"https:\/\/destinationcyber.com\/index.php?rest_route=%2Fwp%2Fv2%2Fmedia&parent=2740"}],"wp:term":[{"taxonomy":"category","embeddable":true,"href":"https:\/\/destinationcyber.com\/index.php?rest_route=%2Fwp%2Fv2%2Fcategories&post=2740"},{"taxonomy":"post_tag","embeddable":true,"href":"https:\/\/destinationcyber.com\/index.php?rest_route=%2Fwp%2Fv2%2Ftags&post=2740"}],"curies":[{"name":"wp","href":"https:\/\/api.w.org\/{rel}","templated":true}]}}